{"id":15395,"date":"2021-01-05T01:23:42","date_gmt":"2021-01-04T22:23:42","guid":{"rendered":"https:\/\/www.klimikdergisi.org\/\/2021\/01\/05\/bakteriyel-infeksiyonlarda-ve-sepsiste-biyobelirtecler\/"},"modified":"2021-01-05T01:23:42","modified_gmt":"2021-01-04T22:23:42","slug":"bakteriyel-infeksiyonlarda-ve-sepsiste-biyobelirtecler","status":"publish","type":"post","link":"https:\/\/www.klimikdergisi.org\/tr\/2021\/01\/05\/bakteriyel-infeksiyonlarda-ve-sepsiste-biyobelirtecler\/","title":{"rendered":"Bakteriyel \u0130nfeksiyonlarda ve Sepsiste Biyobelirte\u00e7ler"},"content":{"rendered":"<h1>\u00d6zet<\/h1>\n<p> Sepsis, ciddi bakteriyel infeksiyona kar\u015f\u0131 sistemik yan\u0131t\u0131n sonucu olarak ortaya \u00e7\u0131kan ve ya\u015fam\u0131 tehdit eden bir klinik durumdur. T\u00fcm d\u00fcnyada antibiyotik kullan\u0131m\u0131n\u0131n ve destek tedavilerinin artmas\u0131na kar\u015f\u0131n sepsisin s\u0131kl\u0131\u011f\u0131nda bir azalma olmam\u0131\u015ft\u0131r. \u0130lk klinik bulgular\u0131n\u0131n \u00f6zg\u00fcl olmamas\u0131ndan dolay\u0131 sepsisi daha erken d\u00f6nemde tan\u0131maya y\u00f6nelik g\u00fcncel aray\u0131\u015flardan birisini de biyobelirte\u00e7lerin\u00a0 kullan\u0131lmas\u0131 olu\u015fturmaktad\u0131r. Bu derlemede bakteriyel infeksiyonlara ba\u011fl\u0131 olarak geli\u015fen sepsisin tan\u0131s\u0131 i\u00e7in kullan\u0131labilecek biyobelirte\u00e7ler g\u00f6zden ge\u00e7irilmi\u015ftir.\u00a0<\/p>\n","protected":false},"excerpt":{"rendered":"<p>\u00d6zet Sepsis, ciddi bakteriyel infeksiyona kar\u015f\u0131 sistemik yan\u0131t\u0131n sonucu olarak ortaya \u00e7\u0131kan ve ya\u015fam\u0131 tehdit eden bir klinik durumdur. T\u00fcm d\u00fcnyada antibiyotik kullan\u0131m\u0131n\u0131n ve destek tedavilerinin artmas\u0131na kar\u015f\u0131n sepsisin s\u0131kl\u0131\u011f\u0131nda bir azalma olmam\u0131\u015ft\u0131r. \u0130lk klinik bulgular\u0131n\u0131n \u00f6zg\u00fcl olmamas\u0131ndan dolay\u0131 sepsisi daha erken d\u00f6nemde tan\u0131maya y\u00f6nelik g\u00fcncel aray\u0131\u015flardan birisini de biyobelirte\u00e7lerin\u00a0 kullan\u0131lmas\u0131 olu\u015fturmaktad\u0131r. Bu derlemede bakteriyel [&hellip;]<\/p>\n","protected":false},"author":0,"featured_media":0,"comment_status":"","ping_status":"","sticky":false,"template":"","format":"standard","meta":{"_acf_changed":false,"footnotes":""},"categories":[5127],"tags":[4492,4494,2691],"class_list":["post-15395","post","type-post","status-publish","format-standard","hentry","category-derleme","tag-bakteriyel-infeksiyon","tag-biyobelirtecler","tag-sepsis"],"acf":[],"_links":{"self":[{"href":"https:\/\/www.klimikdergisi.org\/tr\/wp-json\/wp\/v2\/posts\/15395","targetHints":{"allow":["GET"]}}],"collection":[{"href":"https:\/\/www.klimikdergisi.org\/tr\/wp-json\/wp\/v2\/posts"}],"about":[{"href":"https:\/\/www.klimikdergisi.org\/tr\/wp-json\/wp\/v2\/types\/post"}],"replies":[{"embeddable":true,"href":"https:\/\/www.klimikdergisi.org\/tr\/wp-json\/wp\/v2\/comments?post=15395"}],"version-history":[{"count":0,"href":"https:\/\/www.klimikdergisi.org\/tr\/wp-json\/wp\/v2\/posts\/15395\/revisions"}],"wp:attachment":[{"href":"https:\/\/www.klimikdergisi.org\/tr\/wp-json\/wp\/v2\/media?parent=15395"}],"wp:term":[{"taxonomy":"category","embeddable":true,"href":"https:\/\/www.klimikdergisi.org\/tr\/wp-json\/wp\/v2\/categories?post=15395"},{"taxonomy":"post_tag","embeddable":true,"href":"https:\/\/www.klimikdergisi.org\/tr\/wp-json\/wp\/v2\/tags?post=15395"}],"curies":[{"name":"wp","href":"https:\/\/api.w.org\/{rel}","templated":true}]}}