{"id":15341,"date":"2021-01-05T01:23:36","date_gmt":"2021-01-04T22:23:36","guid":{"rendered":"https:\/\/www.klimikdergisi.org\/\/2021\/01\/05\/pediyatrik-hastalarda-nozokomiyal-kan-dolasimi-infeksiyonlarinin-epidemiyolojik-ozelliklerinin-incelenmesi\/"},"modified":"2021-01-05T01:23:36","modified_gmt":"2021-01-04T22:23:36","slug":"pediyatrik-hastalarda-nozokomiyal-kan-dolasimi-infeksiyonlarinin-epidemiyolojik-ozelliklerinin-incelenmesi","status":"publish","type":"post","link":"https:\/\/www.klimikdergisi.org\/tr\/2021\/01\/05\/pediyatrik-hastalarda-nozokomiyal-kan-dolasimi-infeksiyonlarinin-epidemiyolojik-ozelliklerinin-incelenmesi\/","title":{"rendered":"Pediyatrik Hastalarda Nozokomiyal Kan Dola\u015f\u0131m\u0131 \u0130nfeksiyonlar\u0131n\u0131n Epidemiyolojik \u00d6zelliklerinin \u0130ncelenmesi"},"content":{"rendered":"<h1>\u00d6zet<\/h1>\n<p> <strong>Ama\u00e7<\/strong>: Nozokomiyal kan dola\u015f\u0131m\u0131 infeksiyonu (nKD\u0130), pediyatrik hastalarda y\u00fcksek mortalite ve morbidite oranlar\u0131na sebep olur. nKD\u0130\u2019nin erken tan\u0131s\u0131, etkenlerin tan\u0131mlanmas\u0131 ve antimikrobiyal duyarl\u0131l\u0131\u011f\u0131n\u0131n belirlenmesi hastal\u0131\u011f\u0131n prognozu i\u00e7in \u00f6nemlidir. Bu \u00e7al\u0131\u015fmayla pediyatrik hastalarda kar\u015f\u0131la\u015f\u0131lan nKD\u0130 olgular\u0131n\u0131n epidemiyolojik \u00f6zellikleri ara\u015ft\u0131r\u0131lm\u0131\u015ft\u0131r.<\/p>\n<p> <strong>Y\u00f6ntemler<\/strong>: May\u0131s 2014-May\u0131s 2015 tarihleri aras\u0131nda Erciyes \u00dcniversitesi T\u0131p Fak\u00fcltesi Hastaneleri Pediyatri Klinikleri\u2019nde yatan hastalara ait 5486 kan k\u00fclt\u00fcr\u00fc Centers for Disease Control and Prevention (CDC) kriterlerine g\u00f6re nKD\u0130 bak\u0131m\u0131ndan de\u011ferlendirilmi\u015ftir. Konvansiyonel y\u00f6ntemler ve otomatize sistem kullan\u0131larak izole edilen mikroorganizmalar\u0131n t\u00fcr tan\u0131mlanmas\u0131 yap\u0131lm\u0131\u015f ve antimikrobiyal duyarl\u0131l\u0131klar\u0131 ara\u015ft\u0131r\u0131lm\u0131\u015ft\u0131r.<\/p>\n<p> <strong>Bulgular<\/strong>: \u00c7al\u0131\u015fmam\u0131zda, 5486 kan k\u00fclt\u00fcr\u00fcnde toplam %13.9 oran\u0131nda \u00fcreme tespit edilmi\u015f olup, bunlar\u0131n %8.4\u2019\u00fc kontaminasyon, %3.9\u2019u laboratuvar konfirmasyonu yap\u0131lm\u0131\u015f nKD\u0130 olarak kabul edilmi\u015ftir. Etkenlerin %62\u2019si Gram-negatif olarak tan\u0131mlanm\u0131\u015ft\u0131r. Acinetobacter baumannii (%24.7), Escherichia coli (%14.4), Klebsiella pneumoniae (%11.7), Enterococcus faecium (%10.3) ve E. faecalis (%8.1) en s\u0131k izole edilen etkenler olmu\u015ftur. Gram-negatif bakterilerin %78\u2019i, Gram-pozitif bakterilerin %43\u2019\u00fc \u00e7oklu antibiyotik direnci g\u00f6stermi\u015ftir. Geni\u015flemi\u015f spektrumlu \u03b2-laktamaz \u00fcretim oran\u0131 E. coli i\u00e7in %73, Klebsiella spp. i\u00e7in %50 olarak bulunmu\u015ftur. Kolistine diren\u00e7li izolata rastlanmam\u0131\u015ft\u0131r. Yo\u011fun Bak\u0131m \u00dcnitelerinden al\u0131nan k\u00fclt\u00fcrlerde di\u011fer kliniklere g\u00f6re daha fazla oranda \u00fcreme saptanm\u0131\u015ft\u0131r.<\/p>\n<p> <strong>Sonu\u00e7lar<\/strong>: Y\u00fcksek kontaminasyon oranlar\u0131n\u0131n istenen seviyeye \u00e7ekilebilmesi i\u00e7in sa\u011fl\u0131k personeli e\u011fitimine \u00f6nem verilmelidir. Gram-negatif bakterilerin Gram-pozitiflerden daha fazla g\u00f6r\u00fclmesi, nKD\u0130 olgular\u0131ndaki e\u011filimin Gram-negatifler y\u00f6n\u00fcnde de\u011fi\u015fti\u011finin bir i\u015fareti olabilir.<\/p>\n","protected":false},"excerpt":{"rendered":"<p>\u00d6zet Ama\u00e7: Nozokomiyal kan dola\u015f\u0131m\u0131 infeksiyonu (nKD\u0130), pediyatrik hastalarda y\u00fcksek mortalite ve morbidite oranlar\u0131na sebep olur. nKD\u0130\u2019nin erken tan\u0131s\u0131, etkenlerin tan\u0131mlanmas\u0131 ve antimikrobiyal duyarl\u0131l\u0131\u011f\u0131n\u0131n belirlenmesi hastal\u0131\u011f\u0131n prognozu i\u00e7in \u00f6nemlidir. Bu \u00e7al\u0131\u015fmayla pediyatrik hastalarda kar\u015f\u0131la\u015f\u0131lan nKD\u0130 olgular\u0131n\u0131n epidemiyolojik \u00f6zellikleri ara\u015ft\u0131r\u0131lm\u0131\u015ft\u0131r. Y\u00f6ntemler: May\u0131s 2014-May\u0131s 2015 tarihleri aras\u0131nda Erciyes \u00dcniversitesi T\u0131p Fak\u00fcltesi Hastaneleri Pediyatri Klinikleri\u2019nde yatan hastalara ait [&hellip;]<\/p>\n","protected":false},"author":0,"featured_media":0,"comment_status":"","ping_status":"","sticky":false,"template":"","format":"standard","meta":{"_acf_changed":false,"footnotes":""},"categories":[5129],"tags":[2616,4512],"class_list":["post-15341","post","type-post","status-publish","format-standard","hentry","category-ozgun-arastirma","tag-hastane-infeksiyonu","tag-pediyatri"],"acf":[],"_links":{"self":[{"href":"https:\/\/www.klimikdergisi.org\/tr\/wp-json\/wp\/v2\/posts\/15341","targetHints":{"allow":["GET"]}}],"collection":[{"href":"https:\/\/www.klimikdergisi.org\/tr\/wp-json\/wp\/v2\/posts"}],"about":[{"href":"https:\/\/www.klimikdergisi.org\/tr\/wp-json\/wp\/v2\/types\/post"}],"replies":[{"embeddable":true,"href":"https:\/\/www.klimikdergisi.org\/tr\/wp-json\/wp\/v2\/comments?post=15341"}],"version-history":[{"count":0,"href":"https:\/\/www.klimikdergisi.org\/tr\/wp-json\/wp\/v2\/posts\/15341\/revisions"}],"wp:attachment":[{"href":"https:\/\/www.klimikdergisi.org\/tr\/wp-json\/wp\/v2\/media?parent=15341"}],"wp:term":[{"taxonomy":"category","embeddable":true,"href":"https:\/\/www.klimikdergisi.org\/tr\/wp-json\/wp\/v2\/categories?post=15341"},{"taxonomy":"post_tag","embeddable":true,"href":"https:\/\/www.klimikdergisi.org\/tr\/wp-json\/wp\/v2\/tags?post=15341"}],"curies":[{"name":"wp","href":"https:\/\/api.w.org\/{rel}","templated":true}]}}