{"id":15263,"date":"2021-01-05T01:23:30","date_gmt":"2021-01-04T22:23:30","guid":{"rendered":"https:\/\/www.klimikdergisi.org\/\/2021\/01\/05\/yogun-bakim-unitesinde-uzun-sure-tedavi-edilen-kritik-durumdaki-hastalarda-saglik-bakimiyla-iliskili-infeksiyonlarin-degerlendirilmesi\/"},"modified":"2021-01-05T01:23:30","modified_gmt":"2021-01-04T22:23:30","slug":"yogun-bakim-unitesinde-uzun-sure-tedavi-edilen-kritik-durumdaki-hastalarda-saglik-bakimiyla-iliskili-infeksiyonlarin-degerlendirilmesi","status":"publish","type":"post","link":"https:\/\/www.klimikdergisi.org\/tr\/2021\/01\/05\/yogun-bakim-unitesinde-uzun-sure-tedavi-edilen-kritik-durumdaki-hastalarda-saglik-bakimiyla-iliskili-infeksiyonlarin-degerlendirilmesi\/","title":{"rendered":"Yo\u011fun Bak\u0131m \u00dcnitesinde Uzun S\u00fcre Tedavi Edilen Kritik Durumdaki Hastalarda Sa\u011fl\u0131k Bak\u0131m\u0131yla \u0130li\u015fkili \u0130nfeksiyonlar\u0131n De\u011ferlendirilmesi"},"content":{"rendered":"<h1>\u00d6zet<\/h1>\n<p> <strong>Ama\u00e7<\/strong>: Bu \u00e7al\u0131\u015fmada bir \u00fc\u00e7\u00fcnc\u00fc d\u00fczey yo\u011fun bak\u0131m \u00fcnitesi (YB\u00dc)\u2019nde tedavi s\u00fcresi 90 g\u00fcnden uzun olan kritik durumdaki hastalarda geli\u015fen sa\u011fl\u0131k bak\u0131m\u0131yla ili\u015fkili infeksiyonlar\u0131n ve bunlar\u0131n mortaliteyle ili\u015fkisinin belirlenmesi ama\u00e7lanm\u0131\u015ft\u0131r.<\/p>\n<p> <strong>Y\u00f6ntemler<\/strong>: Ocak 2010-A\u011fustos 2014 tarihleri aras\u0131nda 18 ya\u015f \u00fcst\u00fc ve yat\u0131\u015f s\u00fcresi 90 g\u00fcnden uzun olan hastalar\u0131n kay\u0131tlar\u0131 retrospektif olarak incelendi.<\/p>\n<p> <strong>Bulgular<\/strong>: Belirlenen \u00f6l\u00e7\u00fctlere uyan 65 hastan\u0131n 60&#39;\u0131 \u00e7al\u0131\u015fmaya dahil edildi. Ortalama ya\u015f\u0131 64.5 (s\u0131n\u0131rlar 14-95) ve ortalama yat\u0131\u015f s\u00fcresi 129 (s\u0131n\u0131rlar 90-235) g\u00fcn olan hastalar\u0131n %50\u2019si kad\u0131nd\u0131. En s\u0131k yat\u0131\u015f tan\u0131lar\u0131 serebrovask\u00fcler olay (%41.2) ve pn\u00f6moni (%15) idi. Hastalar\u0131n 15 (%25)\u2019inde herhangi bir infeksiyon geli\u015fmedi. \u0130nfeksiyon geli\u015fen 45 hastada toplam 87 infeksiyon saptand\u0131. Bunlar\u0131n %48\u2019i kan dola\u015f\u0131m\u0131 infeksiyonu, %33\u2019\u00fc ventilat\u00f6rle ili\u015fkili pn\u00f6moni, %10\u2019u idrar yolu infeksiyonuydu. \u0130nfeksiyon geli\u015fmeyen (%53.3) ve infeksiyon geli\u015fen hastalar (%64.4) aras\u0131nda mortalite y\u00f6n\u00fcnden anlaml\u0131 bir fark saptanmad\u0131. Birden fazla infeksiyon ata\u011f\u0131 ge\u00e7iren hastalar\u0131n yat\u0131\u015f s\u00fcreleriyle, bir infeksiyon ata\u011f\u0131 ge\u00e7iren ya da herhangi bir infeksiyon ge\u00e7irmeyen hastalar\u0131n yat\u0131\u015f s\u00fcreleri aras\u0131ndaki fark istatistiksel olarak anlaml\u0131 bulundu.<\/p>\n<p> <strong>Sonu\u00e7lar<\/strong>: Sa\u011fl\u0131k bak\u0131m\u0131yla ili\u015fkili infeksiyon geli\u015fmesi YB\u00dc\u2019de yat\u0131\u015f s\u00fcresinde uzamaya neden olmaktad\u0131r. Bu durumu azaltmak i\u00e7in YB\u00dc\u2019de s\u0131k g\u00f6r\u00fclen infeksiyonlara y\u00f6nelik infeksiyon kontrol \u00f6nlemlerine uyum art\u0131r\u0131lmal\u0131d\u0131r.<\/p>\n","protected":false},"excerpt":{"rendered":"<p>\u00d6zet Ama\u00e7: Bu \u00e7al\u0131\u015fmada bir \u00fc\u00e7\u00fcnc\u00fc d\u00fczey yo\u011fun bak\u0131m \u00fcnitesi (YB\u00dc)\u2019nde tedavi s\u00fcresi 90 g\u00fcnden uzun olan kritik durumdaki hastalarda geli\u015fen sa\u011fl\u0131k bak\u0131m\u0131yla ili\u015fkili infeksiyonlar\u0131n ve bunlar\u0131n mortaliteyle ili\u015fkisinin belirlenmesi ama\u00e7lanm\u0131\u015ft\u0131r. Y\u00f6ntemler: Ocak 2010-A\u011fustos 2014 tarihleri aras\u0131nda 18 ya\u015f \u00fcst\u00fc ve yat\u0131\u015f s\u00fcresi 90 g\u00fcnden uzun olan hastalar\u0131n kay\u0131tlar\u0131 retrospektif olarak incelendi. Bulgular: Belirlenen \u00f6l\u00e7\u00fctlere [&hellip;]<\/p>\n","protected":false},"author":0,"featured_media":0,"comment_status":"","ping_status":"","sticky":false,"template":"","format":"standard","meta":{"_acf_changed":false,"footnotes":""},"categories":[5129],"tags":[3903,4547,4543,4545,3691],"class_list":["post-15263","post","type-post","status-publish","format-standard","hentry","category-ozgun-arastirma","tag-acinetobacter-baumannii","tag-gramnegatif-bakteri-infeksiyonlari","tag-saglik-bakimiyla-iliskili-infeksiyonlar","tag-yatis-suresi","tag-yogun-bakim-uniteleri"],"acf":[],"_links":{"self":[{"href":"https:\/\/www.klimikdergisi.org\/tr\/wp-json\/wp\/v2\/posts\/15263","targetHints":{"allow":["GET"]}}],"collection":[{"href":"https:\/\/www.klimikdergisi.org\/tr\/wp-json\/wp\/v2\/posts"}],"about":[{"href":"https:\/\/www.klimikdergisi.org\/tr\/wp-json\/wp\/v2\/types\/post"}],"replies":[{"embeddable":true,"href":"https:\/\/www.klimikdergisi.org\/tr\/wp-json\/wp\/v2\/comments?post=15263"}],"version-history":[{"count":0,"href":"https:\/\/www.klimikdergisi.org\/tr\/wp-json\/wp\/v2\/posts\/15263\/revisions"}],"wp:attachment":[{"href":"https:\/\/www.klimikdergisi.org\/tr\/wp-json\/wp\/v2\/media?parent=15263"}],"wp:term":[{"taxonomy":"category","embeddable":true,"href":"https:\/\/www.klimikdergisi.org\/tr\/wp-json\/wp\/v2\/categories?post=15263"},{"taxonomy":"post_tag","embeddable":true,"href":"https:\/\/www.klimikdergisi.org\/tr\/wp-json\/wp\/v2\/tags?post=15263"}],"curies":[{"name":"wp","href":"https:\/\/api.w.org\/{rel}","templated":true}]}}