{"id":15221,"date":"2021-01-05T01:23:28","date_gmt":"2021-01-04T22:23:28","guid":{"rendered":"https:\/\/www.klimikdergisi.org\/\/2021\/01\/05\/brucella-canisin-neden-oldugu-infektif-endokardit-bir-olgu-sunumu\/"},"modified":"2021-01-05T01:23:28","modified_gmt":"2021-01-04T22:23:28","slug":"brucella-canisin-neden-oldugu-infektif-endokardit-bir-olgu-sunumu","status":"publish","type":"post","link":"https:\/\/www.klimikdergisi.org\/tr\/2021\/01\/05\/brucella-canisin-neden-oldugu-infektif-endokardit-bir-olgu-sunumu\/","title":{"rendered":"Brucella canis&#8217;in Neden Oldu\u011fu \u0130nfektif Endokardit: Bir Olgu Sunumu"},"content":{"rendered":"<h1>\u00d6zet<\/h1>\n<p> Bu bildiride, y\u00fcksek ate\u015f, \u00fc\u015f\u00fcme, titreme, yayg\u0131n v\u00fccut a\u011fr\u0131s\u0131, terleme ve halsizlik yak\u0131nmalar\u0131yla ba\u015fvuran, romatizmal kalp hastal\u0131\u011f\u0131 \u00f6yk\u00fcs\u00fc olan ve hayvanc\u0131l\u0131k yapan 33 ya\u015f\u0131nda bir erkek hastadaki antibiyotiklerle ba\u015far\u0131yla tedavi edilen Brucella canis\u2019e ba\u011fl\u0131 bir infektif endokardit olgusu sunuldu. Hastan\u0131n Brucella standard t\u00fcp agl\u00fctinasyon testi (STA) prozon olay\u0131n\u0131 d\u0131\u015flamak i\u00e7in dil\u00fcsyonlar\u0131n art\u0131r\u0131lmas\u0131na kar\u015f\u0131n negatifti. Olas\u0131 blokan antikorlara y\u00f6nelik olarak Coombs antiserumuyla yinelenen STA testi de negatif sonu\u00e7land\u0131. Hastan\u0131n kan k\u00fclt\u00fcr\u00fcnde Brucella spp. \u00fcredi. B. canis mikroagl\u00fctinasyon testi 1\/160 titrede pozitif olarak saptand\u0131. Aort kapa\u011f\u0131nda ekokardiyografik olarak g\u00f6zlenen 0.5&#215;0.7 cm boyutlar\u0131ndaki vejetasyon, doksisiklin, rifampisin ve streptomisin tedavisinin birinci ay\u0131nda k\u00fc\u00e7\u00fclmeye ba\u015flad\u0131 ve ikinci ayda saptanmad\u0131. \u00dc\u00e7\u00fcnc\u00fc ay\u0131ndaki ekokardiyografi kontrol\u00fcnde de vejetasyon saptanmayan hastan\u0131n ayaktan takibi s\u0131ras\u0131ndaki tedavisi, doksisiklin, rifampisin ve trimetoprim-s\u00fclfametoksazolle s\u00fcrd\u00fcr\u00fcld\u00fc ve toplam tedavi s\u00fcresinin en az bir y\u0131l olmas\u0131 planland\u0131.\u00a0<\/p>\n","protected":false},"excerpt":{"rendered":"<p>\u00d6zet Bu bildiride, y\u00fcksek ate\u015f, \u00fc\u015f\u00fcme, titreme, yayg\u0131n v\u00fccut a\u011fr\u0131s\u0131, terleme ve halsizlik yak\u0131nmalar\u0131yla ba\u015fvuran, romatizmal kalp hastal\u0131\u011f\u0131 \u00f6yk\u00fcs\u00fc olan ve hayvanc\u0131l\u0131k yapan 33 ya\u015f\u0131nda bir erkek hastadaki antibiyotiklerle ba\u015far\u0131yla tedavi edilen Brucella canis\u2019e ba\u011fl\u0131 bir infektif endokardit olgusu sunuldu. Hastan\u0131n Brucella standard t\u00fcp agl\u00fctinasyon testi (STA) prozon olay\u0131n\u0131 d\u0131\u015flamak i\u00e7in dil\u00fcsyonlar\u0131n art\u0131r\u0131lmas\u0131na kar\u015f\u0131n negatifti. [&hellip;]<\/p>\n","protected":false},"author":0,"featured_media":0,"comment_status":"","ping_status":"","sticky":false,"template":"","format":"standard","meta":{"_acf_changed":false,"footnotes":""},"categories":[5131],"tags":[4557,3854],"class_list":["post-15221","post","type-post","status-publish","format-standard","hentry","category-olgu-sunumu","tag-brucella-canis","tag-endokardit"],"acf":[],"_links":{"self":[{"href":"https:\/\/www.klimikdergisi.org\/tr\/wp-json\/wp\/v2\/posts\/15221","targetHints":{"allow":["GET"]}}],"collection":[{"href":"https:\/\/www.klimikdergisi.org\/tr\/wp-json\/wp\/v2\/posts"}],"about":[{"href":"https:\/\/www.klimikdergisi.org\/tr\/wp-json\/wp\/v2\/types\/post"}],"replies":[{"embeddable":true,"href":"https:\/\/www.klimikdergisi.org\/tr\/wp-json\/wp\/v2\/comments?post=15221"}],"version-history":[{"count":0,"href":"https:\/\/www.klimikdergisi.org\/tr\/wp-json\/wp\/v2\/posts\/15221\/revisions"}],"wp:attachment":[{"href":"https:\/\/www.klimikdergisi.org\/tr\/wp-json\/wp\/v2\/media?parent=15221"}],"wp:term":[{"taxonomy":"category","embeddable":true,"href":"https:\/\/www.klimikdergisi.org\/tr\/wp-json\/wp\/v2\/categories?post=15221"},{"taxonomy":"post_tag","embeddable":true,"href":"https:\/\/www.klimikdergisi.org\/tr\/wp-json\/wp\/v2\/tags?post=15221"}],"curies":[{"name":"wp","href":"https:\/\/api.w.org\/{rel}","templated":true}]}}