{"id":15197,"date":"2021-01-05T01:23:26","date_gmt":"2021-01-04T22:23:26","guid":{"rendered":"https:\/\/www.klimikdergisi.org\/\/2021\/01\/05\/dursunbey-ilcesinde-antibiyotik-kullaniminda-uyumsuzluk-kesitsel-bir-calisma\/"},"modified":"2021-01-05T01:23:26","modified_gmt":"2021-01-04T22:23:26","slug":"dursunbey-ilcesinde-antibiyotik-kullaniminda-uyumsuzluk-kesitsel-bir-calisma","status":"publish","type":"post","link":"https:\/\/www.klimikdergisi.org\/tr\/2021\/01\/05\/dursunbey-ilcesinde-antibiyotik-kullaniminda-uyumsuzluk-kesitsel-bir-calisma\/","title":{"rendered":"Dursunbey \u0130l\u00e7esinde Antibiyotik Kullan\u0131m\u0131nda Uyumsuzluk: Kesitsel Bir \u00c7al\u0131\u015fma"},"content":{"rendered":"<h1>\u00d6zet<\/h1>\n<p> <strong>Ama\u00e7<\/strong>: Antibiyotikle tedaviye uyumsuzluk, tedavi ba\u015far\u0131s\u0131zl\u0131\u011f\u0131, yan etki art\u0131\u015f\u0131, daha y\u00fcksek tedavi maliyeti ve antibiyotik direncinin en \u00f6nemli nedenidir. Bu \u00e7al\u0131\u015fmada Dursunbey il\u00e7esinde antibiyotikle tedavi uyumsuzlu\u011funu etkileyen fakt\u00f6rlerin ara\u015f- t\u0131r\u0131lmas\u0131, al\u0131nmas\u0131 gereken \u00f6nlemlerin belirlenmesi ve e\u011fitim etkinliklerinin \u015fekillendirilmesi ama\u00e7lanm\u0131\u015ft\u0131r.<\/p>\n<p> <strong>Y\u00f6ntemler<\/strong>: Son 3 ay i\u00e7inde antibiyotik kullanan 129 g\u00f6n\u00fcll\u00fc \u00e7al\u0131\u015fmaya dahil edilmi\u015ftir. Her bir g\u00f6n\u00fcll\u00fcye y\u00fcz y\u00fcze g\u00f6r\u00fc\u015fmeyle toplam 14 sorudan olu\u015fan bir anket uygulanm\u0131\u015ft\u0131r. G\u00f6n\u00fcll\u00fclerin yan\u0131tlar\u0131 temelinde kesitsel bir \u00e7al\u0131\u015fma yap\u0131lm\u0131\u015ft\u0131r. Veriler iki de\u011fi\u015fkenli analiz ve lojistik regresyon modeliyle de\u011ferlendirilmi\u015ftir.<\/p>\n<p> <strong>Bulgular<\/strong>: Antibiyotik kullan\u0131m\u0131na uyumsuzluk oran\u0131 %35 olarak tespit edilmi\u015ftir. \u0130ki de\u011fi\u015fkenli analizde kad\u0131n cinsiyet, daha k\u00fc- \u00e7\u00fck ya\u015fta olmak, aile sa\u011fl\u0131\u011f\u0131 merkezinde antibiyotik re\u00e7ete edilmesi, \u00fcst solunum yolu yak\u0131nmalar\u0131 i\u00e7in antibiyotik kullan\u0131m\u0131, antibiyotik tedavisinin ilk g\u00fcnlerinde iyile\u015fti\u011fini d\u00fc\u015f\u00fcnme ve d\u00fc\u015f\u00fck e\u011fitim d\u00fczeyinin antibiyotik kullan\u0131m\u0131na uyumsuzlukla belirgin ili\u015fkili oldu\u011fu ortaya konulmu\u015ftur. \u00c7ok de\u011fi\u015fkenli analizde \u201ciyile\u015fti\u011fini d\u00fc\u015f\u00fcnme\u201d (\u201cOdds ratio\u201d: 5.05) ve kad\u0131n cinsiyet (\u201cOdds ratio\u201d: 14.38) antibiyotik kullan\u0131m\u0131nda uyumsuzlu\u011fa neden olan ba\u011f\u0131ms\u0131z risk fakt\u00f6rleri olarak tespit edilmi\u015ftir.<\/p>\n<p> <strong>Sonu\u00e7lar<\/strong>: Antibiyotik kullanma uyumu hekim ve eczac\u0131 taraf\u0131ndan tatmin edici ve uygun bilgi verilmesi, h\u0131zl\u0131 tan\u0131 testlerinin kullan\u0131lmas\u0131, \u00fcst solunum yolu yak\u0131nmalar\u0131yla ba\u015fvuran her bir hastada antibiyotik gereksiniminin hekimler taraf\u0131ndan do\u011fru bir \u015fekilde de\u011ferlendirmesi ve okullar ve ana-\u00e7ocuk sa\u011fl\u0131\u011f\u0131 merkezlerinde antibiyotiklerle ilgili e\u011fitici aktivitelerin tasarlanmas\u0131yla art\u0131r\u0131labilir.\u00a0<\/p>\n","protected":false},"excerpt":{"rendered":"<p>\u00d6zet Ama\u00e7: Antibiyotikle tedaviye uyumsuzluk, tedavi ba\u015far\u0131s\u0131zl\u0131\u011f\u0131, yan etki art\u0131\u015f\u0131, daha y\u00fcksek tedavi maliyeti ve antibiyotik direncinin en \u00f6nemli nedenidir. Bu \u00e7al\u0131\u015fmada Dursunbey il\u00e7esinde antibiyotikle tedavi uyumsuzlu\u011funu etkileyen fakt\u00f6rlerin ara\u015f- t\u0131r\u0131lmas\u0131, al\u0131nmas\u0131 gereken \u00f6nlemlerin belirlenmesi ve e\u011fitim etkinliklerinin \u015fekillendirilmesi ama\u00e7lanm\u0131\u015ft\u0131r. Y\u00f6ntemler: Son 3 ay i\u00e7inde antibiyotik kullanan 129 g\u00f6n\u00fcll\u00fc \u00e7al\u0131\u015fmaya dahil edilmi\u015ftir. Her bir g\u00f6n\u00fcll\u00fcye [&hellip;]<\/p>\n","protected":false},"author":0,"featured_media":0,"comment_status":"","ping_status":"","sticky":false,"template":"","format":"standard","meta":{"_acf_changed":false,"footnotes":""},"categories":[5129],"tags":[4175,4570,4569,4567],"class_list":["post-15197","post","type-post","status-publish","format-standard","hentry","category-ozgun-arastirma","tag-antibakteriyel-ajanlar","tag-balikesir","tag-dursunbey","tag-hasta-uyumu"],"acf":[],"_links":{"self":[{"href":"https:\/\/www.klimikdergisi.org\/tr\/wp-json\/wp\/v2\/posts\/15197","targetHints":{"allow":["GET"]}}],"collection":[{"href":"https:\/\/www.klimikdergisi.org\/tr\/wp-json\/wp\/v2\/posts"}],"about":[{"href":"https:\/\/www.klimikdergisi.org\/tr\/wp-json\/wp\/v2\/types\/post"}],"replies":[{"embeddable":true,"href":"https:\/\/www.klimikdergisi.org\/tr\/wp-json\/wp\/v2\/comments?post=15197"}],"version-history":[{"count":0,"href":"https:\/\/www.klimikdergisi.org\/tr\/wp-json\/wp\/v2\/posts\/15197\/revisions"}],"wp:attachment":[{"href":"https:\/\/www.klimikdergisi.org\/tr\/wp-json\/wp\/v2\/media?parent=15197"}],"wp:term":[{"taxonomy":"category","embeddable":true,"href":"https:\/\/www.klimikdergisi.org\/tr\/wp-json\/wp\/v2\/categories?post=15197"},{"taxonomy":"post_tag","embeddable":true,"href":"https:\/\/www.klimikdergisi.org\/tr\/wp-json\/wp\/v2\/tags?post=15197"}],"curies":[{"name":"wp","href":"https:\/\/api.w.org\/{rel}","templated":true}]}}