{"id":15191,"date":"2021-01-05T01:23:25","date_gmt":"2021-01-04T22:23:25","guid":{"rendered":"https:\/\/www.klimikdergisi.org\/\/2021\/01\/05\/gastroenteritli-cocuklarin-diskilarinda-adenovirus-ve-rotavirus-sikligi-ve-mevsimsel-dagilimi\/"},"modified":"2021-01-05T01:23:25","modified_gmt":"2021-01-04T22:23:25","slug":"gastroenteritli-cocuklarin-diskilarinda-adenovirus-ve-rotavirus-sikligi-ve-mevsimsel-dagilimi","status":"publish","type":"post","link":"https:\/\/www.klimikdergisi.org\/tr\/2021\/01\/05\/gastroenteritli-cocuklarin-diskilarinda-adenovirus-ve-rotavirus-sikligi-ve-mevsimsel-dagilimi\/","title":{"rendered":"Gastroenteritli \u00c7ocuklar\u0131n D\u0131\u015fk\u0131lar\u0131nda Adenovirus ve Rotavirus S\u0131kl\u0131\u011f\u0131 ve Mevsimsel Da\u011f\u0131l\u0131m\u0131"},"content":{"rendered":"<h1>\u00d6zet<\/h1>\n<p> <strong>Ama\u00e7<\/strong>: Bu \u00e7al\u0131\u015fmada, 0-18 ya\u015f grubundaki hastalardan ishal, kar\u0131n a\u011fr\u0131s\u0131, kusma ve ate\u015f gibi \u015fikayetlerle hastanemize ba\u015fvurup akut gastroenterit \u00f6n tan\u0131s\u0131 alan; bunlar\u0131n i\u00e7inde laboratuvar\u0131m\u0131za virolojik tahlil i\u00e7in g\u00f6nderilen d\u0131\u015fk\u0131 \u00f6rneklerinde rotavirus ve enterik adenoviruslar\u0131n bulunma s\u0131kl\u0131\u011f\u0131n\u0131 ve baz\u0131 demografik \u00f6zelliklere g\u00f6re da\u011f\u0131l\u0131m\u0131n\u0131 ara\u015ft\u0131rmay\u0131 hedefledik.<\/p>\n<p> <strong>Y\u00f6ntemler<\/strong>: Ocak 2013-Aral\u0131k 2015 tarihleri aras\u0131nda Necmettin Erbakan \u00dcniversitesi, Meram T\u0131p Fak\u00fcltesi Hastanesi\u2019ne ba\u015fvurup akut gastroenterit \u00f6n tan\u0131s\u0131 alan 5156 pediyatrik hastaya ait laboratuvar kay\u0131tlar\u0131 retrospektif olarak incelenmi\u015ftir. D\u0131\u015fk\u0131 \u00f6rneklerinde rotavirus ve adenovirus antijenlerini ayn\u0131 anda imm\u00fcnokromatografik olarak belirleyen VIKIA\u00ae Rota-Adeno (bioM\u00e9rieux, Marcy l&#39;Etoile, Fransa) kaset testi, \u00fcretici firma \u00f6nerileri do\u011frultusunda kullan\u0131lm\u0131\u015ft\u0131r.<\/p>\n<p> <strong>Bulgular<\/strong>: Toplam 5156 d\u0131\u015fk\u0131 \u00f6rne\u011finin 884 (%17.1)\u2019\u00fcnde viral antijenler saptanm\u0131\u015ft\u0131r. Pozitif saptananlar\u0131n 764 (%14.8) adedi rotavirus, 120 (%2.3) adedi adenovirus olarak belirlenmi\u015ftir. \u00d6rne\u011finde antijen saptanan hastalardan 412 (%46.6)\u2019si k\u0131z, 472 (%53.4)\u2019si erkektir. Antijen saptanan 884 hastada en s\u0131k pozitifli\u011fin %42.1 ile 2-4 ya\u015f (n=372) aras\u0131ndaki hastalarda oldu\u011fu g\u00f6r\u00fclm\u00fc\u015ft\u00fcr. Rotavirusa ba\u011fl\u0131 geli\u015fen akut gastroenterit olgular\u0131n\u0131n k\u0131\u015f ve ilkbahar mevsimlerinde artt\u0131\u011f\u0131 ve enterik adenoviruslara ba\u011fl\u0131 geli\u015fen akut gastroenterit olgular\u0131n\u0131n ise t\u00fcm y\u0131l boyunca saptand\u0131\u011f\u0131 g\u00f6zlenmi\u015ftir.<\/p>\n<p> <strong>Sonu\u00e7lar<\/strong>: Yenido\u011fan ve k\u00fc\u00e7\u00fck \u00e7ocuklarda g\u00f6r\u00fclen ciddi gastroenteritlerin en yayg\u0131n sebebi olan rotaviruslar\u0131n, \u00f6zellikle ilk 4 ya\u015ftaki ishal olgular\u0131nda akla getirilmesi gerekmektedir. Etkenin tan\u0131s\u0131n\u0131n h\u0131zl\u0131 konmas\u0131, hastan\u0131n klini\u011finin \u00f6ng\u00f6r\u00fclmesi ve tedavi yakla\u015f\u0131m\u0131 bak\u0131m\u0131ndan \u00f6nemlidir. Enterik adenoviruslar\u0131n, s\u00fct\u00e7ocuklu\u011fu ve \u00e7ocukluk d\u00f6neminde \u00f6nemli bir gastroenterit nedeni olmas\u0131; adenovirus antijenlerinin de ara\u015ft\u0131r\u0131lmas\u0131n\u0131 gerekli k\u0131lmaktad\u0131r. Yap\u0131lan b\u00f6lgesel \u00e7al\u0131\u015fmalar, epidemiyolojik bilgilere katk\u0131 sa\u011flamas\u0131 a\u00e7\u0131s\u0131ndan \u00f6nemlidir.<\/p>\n","protected":false},"excerpt":{"rendered":"<p>\u00d6zet Ama\u00e7: Bu \u00e7al\u0131\u015fmada, 0-18 ya\u015f grubundaki hastalardan ishal, kar\u0131n a\u011fr\u0131s\u0131, kusma ve ate\u015f gibi \u015fikayetlerle hastanemize ba\u015fvurup akut gastroenterit \u00f6n tan\u0131s\u0131 alan; bunlar\u0131n i\u00e7inde laboratuvar\u0131m\u0131za virolojik tahlil i\u00e7in g\u00f6nderilen d\u0131\u015fk\u0131 \u00f6rneklerinde rotavirus ve enterik adenoviruslar\u0131n bulunma s\u0131kl\u0131\u011f\u0131n\u0131 ve baz\u0131 demografik \u00f6zelliklere g\u00f6re da\u011f\u0131l\u0131m\u0131n\u0131 ara\u015ft\u0131rmay\u0131 hedefledik. Y\u00f6ntemler: Ocak 2013-Aral\u0131k 2015 tarihleri aras\u0131nda Necmettin Erbakan \u00dcniversitesi, [&hellip;]<\/p>\n","protected":false},"author":0,"featured_media":0,"comment_status":"","ping_status":"","sticky":false,"template":"","format":"standard","meta":{"_acf_changed":false,"footnotes":""},"categories":[5129],"tags":[3942,3533,3538],"class_list":["post-15191","post","type-post","status-publish","format-standard","hentry","category-ozgun-arastirma","tag-adenovirus","tag-gastroenterit","tag-rotavirus"],"acf":[],"_links":{"self":[{"href":"https:\/\/www.klimikdergisi.org\/tr\/wp-json\/wp\/v2\/posts\/15191","targetHints":{"allow":["GET"]}}],"collection":[{"href":"https:\/\/www.klimikdergisi.org\/tr\/wp-json\/wp\/v2\/posts"}],"about":[{"href":"https:\/\/www.klimikdergisi.org\/tr\/wp-json\/wp\/v2\/types\/post"}],"replies":[{"embeddable":true,"href":"https:\/\/www.klimikdergisi.org\/tr\/wp-json\/wp\/v2\/comments?post=15191"}],"version-history":[{"count":0,"href":"https:\/\/www.klimikdergisi.org\/tr\/wp-json\/wp\/v2\/posts\/15191\/revisions"}],"wp:attachment":[{"href":"https:\/\/www.klimikdergisi.org\/tr\/wp-json\/wp\/v2\/media?parent=15191"}],"wp:term":[{"taxonomy":"category","embeddable":true,"href":"https:\/\/www.klimikdergisi.org\/tr\/wp-json\/wp\/v2\/categories?post=15191"},{"taxonomy":"post_tag","embeddable":true,"href":"https:\/\/www.klimikdergisi.org\/tr\/wp-json\/wp\/v2\/tags?post=15191"}],"curies":[{"name":"wp","href":"https:\/\/api.w.org\/{rel}","templated":true}]}}