{"id":15131,"date":"2021-01-05T01:23:21","date_gmt":"2021-01-04T22:23:21","guid":{"rendered":"https:\/\/www.klimikdergisi.org\/\/2021\/01\/05\/immunokompromize-hastalarda-gelisen-bakteriyemilerde-etken-dagilimi-ve-antibiyotik-duyarlilik-oranlarinin-belirlenmesi\/"},"modified":"2021-01-05T01:23:21","modified_gmt":"2021-01-04T22:23:21","slug":"immunokompromize-hastalarda-gelisen-bakteriyemilerde-etken-dagilimi-ve-antibiyotik-duyarlilik-oranlarinin-belirlenmesi","status":"publish","type":"post","link":"https:\/\/www.klimikdergisi.org\/tr\/2021\/01\/05\/immunokompromize-hastalarda-gelisen-bakteriyemilerde-etken-dagilimi-ve-antibiyotik-duyarlilik-oranlarinin-belirlenmesi\/","title":{"rendered":"\u0130mm\u00fcnokompromize Hastalarda Geli\u015fen Bakteriyemilerde Etken Da\u011f\u0131l\u0131m\u0131 ve Antibiyotik Duyarl\u0131l\u0131k Oranlar\u0131n\u0131n Belirlenmesi"},"content":{"rendered":"<h1>\u00d6zet<\/h1>\n<p> <strong>Ama\u00e7<\/strong>: Bakteriyemi imm\u00fcnokompromize hastalarda \u00f6nde gelen morbidite ve mortalite nedenidir. \u00c7al\u0131\u015fmam\u0131zda 1 Ocak 2012 ve 30 Temmuz 2013 tarihleri aras\u0131nda izlenen imm\u00fcnokompromize hastalarda geli\u015fen bakteriyemilerin etken da\u011f\u0131l\u0131m\u0131 ve antibiyotik duyarl\u0131l\u0131k oranlar\u0131n\u0131n belirlenmesi ama\u00e7lanm\u0131\u015ft\u0131r.<\/p>\n<p> <strong>Y\u00f6ntemler<\/strong>: \u00c7al\u0131\u015fmada hastanemizde yatarak ya da ayakta tedavi g\u00f6ren imm\u00fcnokompromize hastalar prospektif olarak incelendi. \u0130mm\u00fcnokompromize hasta grubu olarak solid organ nakli hastalar\u0131 ve son 1 ay i\u00e7inde kemoterapi alm\u0131\u015f malignite hastalar\u0131 (hematoloji-onkoloji) kabul edildi. \u0130mm\u00fcnokompromize hastalardan kan k\u00fclt\u00fcr\u00fcnde anlaml\u0131 \u00fcreme olanlar \u00e7al\u0131\u015fmaya dahil edildi.<\/p>\n<p> <strong>Bulgular<\/strong>: Bu prospektif \u00e7al\u0131\u015fma ard\u0131\u015f\u0131k olarak g\u00f6r\u00fclen 130 imm\u00fcnokompromize hastada ortaya \u00e7\u0131kan 167 bakteriyemi ata\u011f\u0131ndan olu\u015ftu. Bakteriyemilerde en s\u0131k izole edilen grup Gram-negatif bakterilerdi. Genel da\u011f\u0131l\u0131mda ilk s\u0131rada %30.8 ile Escherichia coli, ikinci s\u0131rada %15.1 ile koag\u00fclaz-negatif stafilokoklar yer ald\u0131. E. coli su\u015flar\u0131nda geni\u015flemi\u015f spektrumlu \u03b2-laktamaz pozitifli\u011fi %51 idi. \u0130kinci en s\u0131k g\u00f6r\u00fclen Gram-negatif etken Acinetobacter baumannii idi. Acinetobacter su\u015flar\u0131nda \u00e7ok ilaca diren\u00e7li (MDR) olanlar\u0131n oran\u0131 %73 idi.<\/p>\n<p> <strong>Sonu\u00e7lar<\/strong>: \u00c7al\u0131\u015fman\u0131n sonunda Gram-negatif bakterilerin hastanemizde imm\u00fcnokompromize hastalarda g\u00f6r\u00fclen bakteriyemilerde en s\u0131k izole edilen etkenler oldu\u011fu saptanm\u0131\u015ft\u0131r. Tedavisi zor infeksiyonlara yol a\u00e7an MDR A. baumannii su\u015flar\u0131n\u0131n artan s\u0131kl\u0131\u011f\u0131 da dikkat \u00e7ekicidir. Klimik Dergisi 2017; 30(1): 32-5.<\/p>\n","protected":false},"excerpt":{"rendered":"<p>\u00d6zet Ama\u00e7: Bakteriyemi imm\u00fcnokompromize hastalarda \u00f6nde gelen morbidite ve mortalite nedenidir. \u00c7al\u0131\u015fmam\u0131zda 1 Ocak 2012 ve 30 Temmuz 2013 tarihleri aras\u0131nda izlenen imm\u00fcnokompromize hastalarda geli\u015fen bakteriyemilerin etken da\u011f\u0131l\u0131m\u0131 ve antibiyotik duyarl\u0131l\u0131k oranlar\u0131n\u0131n belirlenmesi ama\u00e7lanm\u0131\u015ft\u0131r. Y\u00f6ntemler: \u00c7al\u0131\u015fmada hastanemizde yatarak ya da ayakta tedavi g\u00f6ren imm\u00fcnokompromize hastalar prospektif olarak incelendi. \u0130mm\u00fcnokompromize hasta grubu olarak solid organ nakli [&hellip;]<\/p>\n","protected":false},"author":0,"featured_media":0,"comment_status":"","ping_status":"","sticky":false,"template":"","format":"standard","meta":{"_acf_changed":false,"footnotes":""},"categories":[5129],"tags":[2726,3436,3468,3332],"class_list":["post-15131","post","type-post","status-publish","format-standard","hentry","category-ozgun-arastirma","tag-bakteriyemi","tag-etyoloji","tag-ilac-direnci","tag-immunosupresyon"],"acf":[],"_links":{"self":[{"href":"https:\/\/www.klimikdergisi.org\/tr\/wp-json\/wp\/v2\/posts\/15131","targetHints":{"allow":["GET"]}}],"collection":[{"href":"https:\/\/www.klimikdergisi.org\/tr\/wp-json\/wp\/v2\/posts"}],"about":[{"href":"https:\/\/www.klimikdergisi.org\/tr\/wp-json\/wp\/v2\/types\/post"}],"replies":[{"embeddable":true,"href":"https:\/\/www.klimikdergisi.org\/tr\/wp-json\/wp\/v2\/comments?post=15131"}],"version-history":[{"count":0,"href":"https:\/\/www.klimikdergisi.org\/tr\/wp-json\/wp\/v2\/posts\/15131\/revisions"}],"wp:attachment":[{"href":"https:\/\/www.klimikdergisi.org\/tr\/wp-json\/wp\/v2\/media?parent=15131"}],"wp:term":[{"taxonomy":"category","embeddable":true,"href":"https:\/\/www.klimikdergisi.org\/tr\/wp-json\/wp\/v2\/categories?post=15131"},{"taxonomy":"post_tag","embeddable":true,"href":"https:\/\/www.klimikdergisi.org\/tr\/wp-json\/wp\/v2\/tags?post=15131"}],"curies":[{"name":"wp","href":"https:\/\/api.w.org\/{rel}","templated":true}]}}