{"id":15107,"date":"2021-01-05T01:23:20","date_gmt":"2021-01-04T22:23:20","guid":{"rendered":"https:\/\/www.klimikdergisi.org\/\/2021\/01\/05\/kirim-kongo-kanamali-atesi-icin-yeni-bir-endemik-il-aydin\/"},"modified":"2021-01-05T01:23:20","modified_gmt":"2021-01-04T22:23:20","slug":"kirim-kongo-kanamali-atesi-icin-yeni-bir-endemik-il-aydin","status":"publish","type":"post","link":"https:\/\/www.klimikdergisi.org\/tr\/2021\/01\/05\/kirim-kongo-kanamali-atesi-icin-yeni-bir-endemik-il-aydin\/","title":{"rendered":"K\u0131r\u0131m-Kongo Kanamal\u0131 Ate\u015fi \u0130\u00e7in Yeni Bir Endemik \u0130l: Ayd\u0131n"},"content":{"rendered":"<h1>\u00d6zet<\/h1>\n<p> <strong>Ama\u00e7<\/strong>: K\u0131r\u0131m-Kongo kanamal\u0131 ate\u015fi (KKKA) \u00fclkemizde \u00f6zellikle Kuzeydo\u011fu Anadolu\u2019da g\u00f6r\u00fclmekle birlikte son y\u0131llarda bat\u0131 illerinden de olgu bildirimleri ba\u015flam\u0131\u015ft\u0131r. Ayd\u0131n ilinin hastal\u0131k a\u00e7\u0131s\u0131ndan endemik olmad\u0131\u011f\u0131 kabul edilmesine kar\u015f\u0131n 2006-2014 tarihleri aras\u0131nda 50 olgu saptanm\u0131\u015ft\u0131r. Ayd\u0131n ilinin endemik b\u00f6lgelerinde yap\u0131lan kesitsel \u00e7al\u0131\u015fmada %19.6 oran\u0131nda seropozitiflik saptanm\u0131\u015ft\u0131r. Bu \u00e7al\u0131\u015fman\u0131n amac\u0131 endemik olmayan b\u00f6lgelerdeki virus seropozitifli\u011fiyle buna katk\u0131da bulunan fakt\u00f6rleri saptamak ve ilimizin T\u00fcrkiye\u2019nin KKKA haritas\u0131ndaki yerini belirlemektir.<\/p>\n<p> <strong>Y\u00f6ntemler<\/strong>: \u00c7al\u0131\u015fmaya 293 g\u00f6n\u00fcll\u00fc kat\u0131ld\u0131. Y\u00fcz y\u00fcze g\u00f6r\u00fc\u015fme y\u00f6ntemiyle g\u00f6n\u00fcll\u00fclere demografik ve olgusal \u00f6zelliklerle ili\u015fkili 17 soru soruldu. G\u00f6n\u00fcll\u00fclerin serum \u00f6rneklerinde virusa kar\u015f\u0131 spesifik antikoru saptamak i\u00e7in VectoCrimea-CHF-IgG (Vector-Best, Novosibirsk, Rusya) ELISA ticari test kiti kullan\u0131ld\u0131.<\/p>\n<p> <strong>Bulgular<\/strong>: \u00c7al\u0131\u015fma grubunda IgG seropozitifli\u011fi %19.7 (n=58) olarak bulundu. 100 kad\u0131n g\u00f6n\u00fcll\u00fcn\u00fcn 27 (%27)\u2019si ve 193 erkek g\u00f6n\u00fcll\u00fcn\u00fcn 31 (%16.1)\u2019i seropozitif bulundu (p&lt;0.05). Kad\u0131nlarda seropozitifli\u011fin anlaml\u0131 olarak daha fazla oldu\u011fu g\u00f6r\u00fcld\u00fc (p=0.02). \u03c72 otomatik etkile\u015fim belirleme analizinde IgG pozitifli\u011fi \u00fczerine en etkili de\u011fi\u015fken, b\u00f6lge olarak bulundu. \u00c7al\u0131\u015fma b\u00f6lgeleri aras\u0131nda en y\u00fcksek seropozitiflik %29.5 ile Ayd\u0131n, Merkez\u2019de saptand\u0131 (p=0.006).<\/p>\n<p> <strong>Sonu\u00e7lar<\/strong>: \u00c7al\u0131\u015fmam\u0131zda Ayd\u0131n\u2019\u0131n endemik olmayan b\u00f6lgelerinde saptanan seropozitiflik oran\u0131n\u0131n (%19.7), endemik b\u00f6lgelerle (%19.6) benzerlik g\u00f6sterdi\u011fi saptand\u0131. \u00dclkemizde y\u00fcksek riskli b\u00f6lgelerde IgG seroprevalans\u0131n\u0131n %12.8 olarak bildirildi\u011fi g\u00f6z \u00f6n\u00fcnde bulunduruldu\u011funda, Ayd\u0131n ilinin endemik iller aras\u0131nda say\u0131lmas\u0131 do\u011fru olacakt\u0131r. Klimik Dergisi 2017; 30(1): 9-14.<\/p>\n","protected":false},"excerpt":{"rendered":"<p>\u00d6zet Ama\u00e7: K\u0131r\u0131m-Kongo kanamal\u0131 ate\u015fi (KKKA) \u00fclkemizde \u00f6zellikle Kuzeydo\u011fu Anadolu\u2019da g\u00f6r\u00fclmekle birlikte son y\u0131llarda bat\u0131 illerinden de olgu bildirimleri ba\u015flam\u0131\u015ft\u0131r. Ayd\u0131n ilinin hastal\u0131k a\u00e7\u0131s\u0131ndan endemik olmad\u0131\u011f\u0131 kabul edilmesine kar\u015f\u0131n 2006-2014 tarihleri aras\u0131nda 50 olgu saptanm\u0131\u015ft\u0131r. Ayd\u0131n ilinin endemik b\u00f6lgelerinde yap\u0131lan kesitsel \u00e7al\u0131\u015fmada %19.6 oran\u0131nda seropozitiflik saptanm\u0131\u015ft\u0131r. Bu \u00e7al\u0131\u015fman\u0131n amac\u0131 endemik olmayan b\u00f6lgelerdeki virus seropozitifli\u011fiyle buna [&hellip;]<\/p>\n","protected":false},"author":0,"featured_media":0,"comment_status":"","ping_status":"","sticky":false,"template":"","format":"standard","meta":{"_acf_changed":false,"footnotes":""},"categories":[5129],"tags":[2660,4592,4591,4013],"class_list":["post-15107","post","type-post","status-publish","format-standard","hentry","category-ozgun-arastirma","tag-epidemiyoloji","tag-g-seropozitifligi","tag-immunoglobulin","tag-kirimkongo-kanamali-atesi-virusu"],"acf":[],"_links":{"self":[{"href":"https:\/\/www.klimikdergisi.org\/tr\/wp-json\/wp\/v2\/posts\/15107","targetHints":{"allow":["GET"]}}],"collection":[{"href":"https:\/\/www.klimikdergisi.org\/tr\/wp-json\/wp\/v2\/posts"}],"about":[{"href":"https:\/\/www.klimikdergisi.org\/tr\/wp-json\/wp\/v2\/types\/post"}],"replies":[{"embeddable":true,"href":"https:\/\/www.klimikdergisi.org\/tr\/wp-json\/wp\/v2\/comments?post=15107"}],"version-history":[{"count":0,"href":"https:\/\/www.klimikdergisi.org\/tr\/wp-json\/wp\/v2\/posts\/15107\/revisions"}],"wp:attachment":[{"href":"https:\/\/www.klimikdergisi.org\/tr\/wp-json\/wp\/v2\/media?parent=15107"}],"wp:term":[{"taxonomy":"category","embeddable":true,"href":"https:\/\/www.klimikdergisi.org\/tr\/wp-json\/wp\/v2\/categories?post=15107"},{"taxonomy":"post_tag","embeddable":true,"href":"https:\/\/www.klimikdergisi.org\/tr\/wp-json\/wp\/v2\/tags?post=15107"}],"curies":[{"name":"wp","href":"https:\/\/api.w.org\/{rel}","templated":true}]}}