{"id":15029,"date":"2021-01-05T01:23:13","date_gmt":"2021-01-04T22:23:13","guid":{"rendered":"https:\/\/www.klimikdergisi.org\/\/2021\/01\/05\/gaziantep-bolgesindeki-kronik-hepatit-c-hastalarinda-hepatit-c-virusu-genotip-dagilimi\/"},"modified":"2021-01-05T01:23:13","modified_gmt":"2021-01-04T22:23:13","slug":"gaziantep-bolgesindeki-kronik-hepatit-c-hastalarinda-hepatit-c-virusu-genotip-dagilimi","status":"publish","type":"post","link":"https:\/\/www.klimikdergisi.org\/tr\/2021\/01\/05\/gaziantep-bolgesindeki-kronik-hepatit-c-hastalarinda-hepatit-c-virusu-genotip-dagilimi\/","title":{"rendered":"Gaziantep B\u00f6lgesindeki Kronik Hepatit C Hastalar\u0131nda Hepatit C Virusu Genotip Da\u011f\u0131l\u0131m\u0131"},"content":{"rendered":"<h1>\u00d6zet<\/h1>\n<p> <strong>Ama\u00e7<\/strong>: Bu \u00e7al\u0131\u015fma Gaziantep b\u00f6lgesinde kronik hepatit C virusu (HCV) infeksiyonu nedeniyle takip edilen hastalarda ya\u015f, cinsiyet ve HCV genotip da\u011f\u0131l\u0131mlar\u0131n\u0131n belirlenmesi ve ulusal \u00f6l\u00e7ekte y\u00fcr\u00fct\u00fclen s\u00fcrveyans \u00e7al\u0131\u015fmalar\u0131na katk\u0131 sa\u011flanmas\u0131 amac\u0131yla yap\u0131lm\u0131\u015ft\u0131r.<\/p>\n<p> <strong>Y\u00f6ntemler<\/strong>: 2012-2016 y\u0131llar\u0131 aras\u0131nda hastanemize ba\u015fvuran hastalardan anti-HCV pozitifli\u011fi saptananlar\u0131n ya\u015f, cinsiyet, HCV RNA pozitifli\u011fi ve HCV genotip bilgileri retrospektif olarak kaydedilmi\u015ftir.<\/p>\n<p> <strong>Bulgular<\/strong>: \u00c7al\u0131\u015fmaya toplam 160 hasta dahil edilmi\u015ftir. Hastalar\u0131n ya\u015f ortalamas\u0131 56\u2019d\u0131r. Hastalar\u0131n %25\u2019i 18-50 ya\u015f grubunda, %75\u2019i 50 ya\u015f \u00fcst\u00fc grupta bulunmaktad\u0131r. Hastalar\u0131n %65\u2019i kad\u0131nd\u0131r. Hastalar\u0131n hepsi Gaziantep b\u00f6lgesinde do\u011fmu\u015f ve ya\u015famakta olan hastalard\u0131r. Sadece bir hastada HCV genotip 2 ve iki hastada genotip 3 tespit edilmi\u015f olup kalan 157 (%98) hastada HCV genotip 1b saptanm\u0131\u015ft\u0131r.<\/p>\n<p> <strong>Sonu\u00e7lar<\/strong>: Bulgular\u0131m\u0131z T\u00fcrkiye\u2019de kronik hepatit C epidemiyolojisini ve HCV genotip da\u011f\u0131l\u0131m\u0131n\u0131 de\u011ferlendiren literat\u00fcr verileriyle uyumlu bulunmu\u015ftur. Co\u011frafi ve sosyok\u00fclt\u00fcrel yak\u0131nl\u0131\u011f\u0131na kar\u015f\u0131n Kahramanmara\u015f b\u00f6lgesi sonu\u00e7lar\u0131n\u0131n aksine HCV genotip 3 sadece 2 olguda saptanm\u0131\u015ft\u0131r. Gaziantep b\u00f6lgesine y\u00f6nelik de\u011ferlendirmelerin daha fazla merkez ve farkl\u0131 hasta gruplar\u0131n\u0131 i\u00e7erecek \u015fekilde geni\u015fletilmesi gerekti\u011fi d\u00fc\u015f\u00fcn\u00fclm\u00fc\u015ft\u00fcr.<\/p>\n","protected":false},"excerpt":{"rendered":"<p>\u00d6zet Ama\u00e7: Bu \u00e7al\u0131\u015fma Gaziantep b\u00f6lgesinde kronik hepatit C virusu (HCV) infeksiyonu nedeniyle takip edilen hastalarda ya\u015f, cinsiyet ve HCV genotip da\u011f\u0131l\u0131mlar\u0131n\u0131n belirlenmesi ve ulusal \u00f6l\u00e7ekte y\u00fcr\u00fct\u00fclen s\u00fcrveyans \u00e7al\u0131\u015fmalar\u0131na katk\u0131 sa\u011flanmas\u0131 amac\u0131yla yap\u0131lm\u0131\u015ft\u0131r. Y\u00f6ntemler: 2012-2016 y\u0131llar\u0131 aras\u0131nda hastanemize ba\u015fvuran hastalardan anti-HCV pozitifli\u011fi saptananlar\u0131n ya\u015f, cinsiyet, HCV RNA pozitifli\u011fi ve HCV genotip bilgileri retrospektif olarak kaydedilmi\u015ftir. [&hellip;]<\/p>\n","protected":false},"author":0,"featured_media":0,"comment_status":"","ping_status":"","sticky":false,"template":"","format":"standard","meta":{"_acf_changed":false,"footnotes":""},"categories":[5129],"tags":[4553,4611,3026],"class_list":["post-15029","post","type-post","status-publish","format-standard","hentry","category-ozgun-arastirma","tag-genotip","tag-hepasivirus","tag-kronik-hepatit-c"],"acf":[],"_links":{"self":[{"href":"https:\/\/www.klimikdergisi.org\/tr\/wp-json\/wp\/v2\/posts\/15029","targetHints":{"allow":["GET"]}}],"collection":[{"href":"https:\/\/www.klimikdergisi.org\/tr\/wp-json\/wp\/v2\/posts"}],"about":[{"href":"https:\/\/www.klimikdergisi.org\/tr\/wp-json\/wp\/v2\/types\/post"}],"replies":[{"embeddable":true,"href":"https:\/\/www.klimikdergisi.org\/tr\/wp-json\/wp\/v2\/comments?post=15029"}],"version-history":[{"count":0,"href":"https:\/\/www.klimikdergisi.org\/tr\/wp-json\/wp\/v2\/posts\/15029\/revisions"}],"wp:attachment":[{"href":"https:\/\/www.klimikdergisi.org\/tr\/wp-json\/wp\/v2\/media?parent=15029"}],"wp:term":[{"taxonomy":"category","embeddable":true,"href":"https:\/\/www.klimikdergisi.org\/tr\/wp-json\/wp\/v2\/categories?post=15029"},{"taxonomy":"post_tag","embeddable":true,"href":"https:\/\/www.klimikdergisi.org\/tr\/wp-json\/wp\/v2\/tags?post=15029"}],"curies":[{"name":"wp","href":"https:\/\/api.w.org\/{rel}","templated":true}]}}