{"id":15017,"date":"2021-01-05T01:23:13","date_gmt":"2021-01-04T22:23:13","guid":{"rendered":"https:\/\/www.klimikdergisi.org\/\/2021\/01\/05\/saglik-calisanlarinin-influenza-asisina-yaklasimlari\/"},"modified":"2021-01-05T01:23:13","modified_gmt":"2021-01-04T22:23:13","slug":"saglik-calisanlarinin-influenza-asisina-yaklasimlari","status":"publish","type":"post","link":"https:\/\/www.klimikdergisi.org\/tr\/2021\/01\/05\/saglik-calisanlarinin-influenza-asisina-yaklasimlari\/","title":{"rendered":"Sa\u011fl\u0131k \u00c7al\u0131\u015fanlar\u0131n\u0131n \u0130nfluenza A\u015f\u0131s\u0131na Yakla\u015f\u0131mlar\u0131"},"content":{"rendered":"<h1>\u00d6zet<\/h1>\n<p> <strong>Ama\u00e7<\/strong>: \u0130nfluenza t\u00fcm d\u00fcnyada morbidite, mortalite ve i\u015fg\u00fcc\u00fc kayb\u0131na neden olmaktad\u0131r. Sa\u011fl\u0131k \u00e7al\u0131\u015fanlar\u0131na her y\u0131l influenza a\u015f\u0131s\u0131 uygulanmas\u0131 \u00f6nerilmektedir. Ancak sa\u011fl\u0131k \u00e7al\u0131\u015fanlar\u0131n\u0131n influenza a\u015f\u0131s\u0131 olma oranlar\u0131 ve bu konudaki tutumlar\u0131 istenen d\u00fczeyde de\u011fildir. Bu \u00e7al\u0131\u015fma, sa\u011fl\u0131k \u00e7al\u0131\u015fanlar\u0131n\u0131n influenza a\u015f\u0131s\u0131na kar\u015f\u0131 isteksizlik nedenlerinin de\u011ferlendirilmesi amac\u0131yla yap\u0131lm\u0131\u015ft\u0131r.<\/p>\n<p> <strong>Y\u00f6ntemler<\/strong>: Bu tan\u0131mlay\u0131c\u0131 \u00e7al\u0131\u015fma, 230 sa\u011fl\u0131k \u00e7al\u0131\u015fan\u0131n\u0131n oldu\u011fu G\u00f6\u011f\u00fcs Hastal\u0131klar\u0131 Hastanesi\u2019ndeki 115 \u00e7al\u0131\u015fanda yap\u0131lm\u0131\u015ft\u0131r. \u0130nfluenza a\u015f\u0131s\u0131na kar\u015f\u0131 tutumlar\u0131n\u0131 tespit etmek amac\u0131yla toplam 9 sorudan olu\u015fan bir anket yap\u0131lm\u0131\u015ft\u0131r. G\u00f6zlenen farklar\u0131n istatistiksel olarak de\u011ferlendirilmesi i\u00e7in Pearson \u03c72 korelasyon ve Fisher\u2019in kesin testleri kullan\u0131lm\u0131\u015ft\u0131r. \u0130statistiksel fark i\u00e7in p de\u011ferinin 0.05\u2019ten k\u00fc\u00e7\u00fck olmas\u0131 anlaml\u0131 kabul edilmi\u015ftir.<\/p>\n<p> <strong>Bulgular<\/strong>: Ara\u015ft\u0131rmaya kat\u0131lan kat\u0131l\u0131mc\u0131lar\u0131n %67 (n=77)\u2019si kad\u0131n, %33 (n=38)\u2019\u00fc erkekti. T\u00fcm kat\u0131l\u0131mc\u0131lar\u0131n 2015-2016 sezonunda influenza a\u015f\u0131s\u0131 olma y\u00fczdesi %4.3 (n=5) olarak bulundu. \u0130nfluenza a\u015f\u0131s\u0131 olmak istemeyenlerin en \u00f6nemli nedenlerinin ba\u015f\u0131nda, a\u015f\u0131n\u0131n gereklili\u011fine inanmama (%64.5), di\u011fer korunma y\u00f6ntemlerini tercih etme (%40.9) ve yan etki profilinden korkma (%39.1) geliyordu.<\/p>\n<p> <strong>Sonu\u00e7lar<\/strong>: A\u015f\u0131lanmayla ilgili fark\u0131ndal\u0131k ve e\u011fitim yard\u0131m\u0131yla sa\u011fl\u0131k \u00e7al\u0131\u015fanlar\u0131n\u0131n a\u015f\u0131lanma oranlar\u0131n\u0131n art\u0131r\u0131labilmesi olanakl\u0131d\u0131r. Bu sebeple, a\u015f\u0131lama programlar\u0131n\u0131n \u00fclke \u00e7ap\u0131nda ba\u015far\u0131l\u0131 olmas\u0131 i\u00e7in \u00f6ncelikle sa\u011fl\u0131k \u00e7al\u0131\u015fanlar\u0131n\u0131n \u015fu andaki a\u015f\u0131 oranlar\u0131n\u0131n ve a\u015f\u0131 konusundaki davran\u0131\u015flar\u0131n\u0131n bilinmesi gerekmektedir.\u00a0<\/p>\n","protected":false},"excerpt":{"rendered":"<p>\u00d6zet Ama\u00e7: \u0130nfluenza t\u00fcm d\u00fcnyada morbidite, mortalite ve i\u015fg\u00fcc\u00fc kayb\u0131na neden olmaktad\u0131r. Sa\u011fl\u0131k \u00e7al\u0131\u015fanlar\u0131na her y\u0131l influenza a\u015f\u0131s\u0131 uygulanmas\u0131 \u00f6nerilmektedir. Ancak sa\u011fl\u0131k \u00e7al\u0131\u015fanlar\u0131n\u0131n influenza a\u015f\u0131s\u0131 olma oranlar\u0131 ve bu konudaki tutumlar\u0131 istenen d\u00fczeyde de\u011fildir. Bu \u00e7al\u0131\u015fma, sa\u011fl\u0131k \u00e7al\u0131\u015fanlar\u0131n\u0131n influenza a\u015f\u0131s\u0131na kar\u015f\u0131 isteksizlik nedenlerinin de\u011ferlendirilmesi amac\u0131yla yap\u0131lm\u0131\u015ft\u0131r. Y\u00f6ntemler: Bu tan\u0131mlay\u0131c\u0131 \u00e7al\u0131\u015fma, 230 sa\u011fl\u0131k \u00e7al\u0131\u015fan\u0131n\u0131n oldu\u011fu G\u00f6\u011f\u00fcs [&hellip;]<\/p>\n","protected":false},"author":0,"featured_media":0,"comment_status":"","ping_status":"","sticky":false,"template":"","format":"standard","meta":{"_acf_changed":false,"footnotes":""},"categories":[5129],"tags":[4615,3663,3675],"class_list":["post-15017","post","type-post","status-publish","format-standard","hentry","category-ozgun-arastirma","tag-asilanma","tag-grip","tag-saglik-calisanlari"],"acf":[],"_links":{"self":[{"href":"https:\/\/www.klimikdergisi.org\/tr\/wp-json\/wp\/v2\/posts\/15017","targetHints":{"allow":["GET"]}}],"collection":[{"href":"https:\/\/www.klimikdergisi.org\/tr\/wp-json\/wp\/v2\/posts"}],"about":[{"href":"https:\/\/www.klimikdergisi.org\/tr\/wp-json\/wp\/v2\/types\/post"}],"replies":[{"embeddable":true,"href":"https:\/\/www.klimikdergisi.org\/tr\/wp-json\/wp\/v2\/comments?post=15017"}],"version-history":[{"count":0,"href":"https:\/\/www.klimikdergisi.org\/tr\/wp-json\/wp\/v2\/posts\/15017\/revisions"}],"wp:attachment":[{"href":"https:\/\/www.klimikdergisi.org\/tr\/wp-json\/wp\/v2\/media?parent=15017"}],"wp:term":[{"taxonomy":"category","embeddable":true,"href":"https:\/\/www.klimikdergisi.org\/tr\/wp-json\/wp\/v2\/categories?post=15017"},{"taxonomy":"post_tag","embeddable":true,"href":"https:\/\/www.klimikdergisi.org\/tr\/wp-json\/wp\/v2\/tags?post=15017"}],"curies":[{"name":"wp","href":"https:\/\/api.w.org\/{rel}","templated":true}]}}