{"id":14987,"date":"2021-01-05T01:23:11","date_gmt":"2021-01-04T22:23:11","guid":{"rendered":"https:\/\/www.klimikdergisi.org\/\/2021\/01\/05\/kerstersia-gyiorum-nadir-bir-kronik-supuratif-otitis-media-etkeni\/"},"modified":"2021-01-05T01:23:11","modified_gmt":"2021-01-04T22:23:11","slug":"kerstersia-gyiorum-nadir-bir-kronik-supuratif-otitis-media-etkeni","status":"publish","type":"post","link":"https:\/\/www.klimikdergisi.org\/tr\/2021\/01\/05\/kerstersia-gyiorum-nadir-bir-kronik-supuratif-otitis-media-etkeni\/","title":{"rendered":"Kerstersia gyiorum: Nadir Bir Kronik S\u00fcp\u00fcratif Otitis Media Etkeni"},"content":{"rendered":"<h1>\u00d6zet<\/h1>\n<p> Be\u015f y\u0131ld\u0131r aral\u0131kl\u0131 olarak s\u00fcren sol kulak a\u011fr\u0131s\u0131 ve ak\u0131nt\u0131s\u0131 olan 30 ya\u015f\u0131nda kad\u0131n hastaya kronik s\u00fcp\u00fcratif otitis media tan\u0131s\u0131 konuldu. Hastan\u0131n kulak s\u00fcr\u00fcnt\u00fcs\u00fcnden yayg\u0131n kenarl\u0131 gri koloniler olu\u015fturarak \u00fcreyen, laktoz-negatif, oksidaz-negatif, k\u00fc\u00e7\u00fck Gram-negatif \u00e7omaklar, \u201cmatrix-assisted laser desorption\/ionization time-of-flight mass spectrometry\u201d ve 16S rRNA analiziyle Kerstersia gyiorum olarak tan\u0131mland\u0131. Antibiyotiklerin minimum antibiyotik konsantrasyonlar\u0131, s\u0131v\u0131 mikrodil\u00fcsyon y\u00f6ntemiyle (siprofloksasin &gt;2 \u00b5g\/ml, ertapenem &lt;0.25 \u00b5g\/ml, imipenem 0.5 \u00b5g\/ml, seftazidim 2 \u00b5g\/ml, amikasin \u22644 \u00b5g\/ml, seftriakson \u22640.5 \u00b5g\/ml, gentamisin 2 \u00b5g\/ml ve tigesiklin 1 \u00b5g\/ml) belirlendi. Hastan\u0131n klinik bulgular\u0131n\u0131n ampirik olarak verilen oral amoksisilin-klavulanik asid ve topik siprofloksasin tedavisiyle d\u00fczeldi\u011fi \u00f6\u011frenildi.\u00a0<\/p>\n<p> Klimik Dergisi 2017; 30(3): 158-60.<\/p>\n<p> <strong>Cite this article as<\/strong>: Borsa BA, Kaplan HH, Bayr\u0131-Bar\u0131\u015f A, G\u00fcng\u00f6rd\u00fc-Dalar Z, \u00d6zalp VC. [Kerstersia gyiorum: an unusual pathogen causing chronic suppurative otitis media]. Klimik Derg. 2017; 30(3): 158-60. Turkish.<\/p>\n","protected":false},"excerpt":{"rendered":"<p>\u00d6zet Be\u015f y\u0131ld\u0131r aral\u0131kl\u0131 olarak s\u00fcren sol kulak a\u011fr\u0131s\u0131 ve ak\u0131nt\u0131s\u0131 olan 30 ya\u015f\u0131nda kad\u0131n hastaya kronik s\u00fcp\u00fcratif otitis media tan\u0131s\u0131 konuldu. Hastan\u0131n kulak s\u00fcr\u00fcnt\u00fcs\u00fcnden yayg\u0131n kenarl\u0131 gri koloniler olu\u015fturarak \u00fcreyen, laktoz-negatif, oksidaz-negatif, k\u00fc\u00e7\u00fck Gram-negatif \u00e7omaklar, \u201cmatrix-assisted laser desorption\/ionization time-of-flight mass spectrometry\u201d ve 16S rRNA analiziyle Kerstersia gyiorum olarak tan\u0131mland\u0131. Antibiyotiklerin minimum antibiyotik konsantrasyonlar\u0131, s\u0131v\u0131 [&hellip;]<\/p>\n","protected":false},"author":0,"featured_media":0,"comment_status":"","ping_status":"","sticky":false,"template":"","format":"standard","meta":{"_acf_changed":false,"footnotes":""},"categories":[5131],"tags":[4620,4621],"class_list":["post-14987","post","type-post","status-publish","format-standard","hentry","category-olgu-sunumu","tag-kerstersia-gyiorum","tag-kronik-otitis-media"],"acf":[],"_links":{"self":[{"href":"https:\/\/www.klimikdergisi.org\/tr\/wp-json\/wp\/v2\/posts\/14987","targetHints":{"allow":["GET"]}}],"collection":[{"href":"https:\/\/www.klimikdergisi.org\/tr\/wp-json\/wp\/v2\/posts"}],"about":[{"href":"https:\/\/www.klimikdergisi.org\/tr\/wp-json\/wp\/v2\/types\/post"}],"replies":[{"embeddable":true,"href":"https:\/\/www.klimikdergisi.org\/tr\/wp-json\/wp\/v2\/comments?post=14987"}],"version-history":[{"count":0,"href":"https:\/\/www.klimikdergisi.org\/tr\/wp-json\/wp\/v2\/posts\/14987\/revisions"}],"wp:attachment":[{"href":"https:\/\/www.klimikdergisi.org\/tr\/wp-json\/wp\/v2\/media?parent=14987"}],"wp:term":[{"taxonomy":"category","embeddable":true,"href":"https:\/\/www.klimikdergisi.org\/tr\/wp-json\/wp\/v2\/categories?post=14987"},{"taxonomy":"post_tag","embeddable":true,"href":"https:\/\/www.klimikdergisi.org\/tr\/wp-json\/wp\/v2\/tags?post=14987"}],"curies":[{"name":"wp","href":"https:\/\/api.w.org\/{rel}","templated":true}]}}