{"id":14969,"date":"2021-01-05T01:23:10","date_gmt":"2021-01-04T22:23:10","guid":{"rendered":"https:\/\/www.klimikdergisi.org\/\/2021\/01\/05\/otomatize-idantifikasyon-sisteminin-immun-trombositopenili-bir-hastadaki-fungemi-etkeni-candida-lusitaniaeyi-candida-famata-olarak-hatali-bicimde-tanimlamasi\/"},"modified":"2021-01-05T01:23:10","modified_gmt":"2021-01-04T22:23:10","slug":"otomatize-idantifikasyon-sisteminin-immun-trombositopenili-bir-hastadaki-fungemi-etkeni-candida-lusitaniaeyi-candida-famata-olarak-hatali-bicimde-tanimlamasi","status":"publish","type":"post","link":"https:\/\/www.klimikdergisi.org\/tr\/2021\/01\/05\/otomatize-idantifikasyon-sisteminin-immun-trombositopenili-bir-hastadaki-fungemi-etkeni-candida-lusitaniaeyi-candida-famata-olarak-hatali-bicimde-tanimlamasi\/","title":{"rendered":"Otomatize \u0130dantifikasyon Sisteminin \u0130mm\u00fcn Trombositopenili Bir Hastadaki Fungemi Etkeni Candida lusitaniae&#8217;yi Candida famata Olarak Hatal\u0131 Bi\u00e7imde Tan\u0131mlamas\u0131"},"content":{"rendered":"<h1>\u00d6zet<\/h1>\n<p> Candida t\u00fcrleri aras\u0131nda antifungal diren\u00e7 farkl\u0131l\u0131klar\u0131 g\u00f6r\u00fcld\u00fc\u011f\u00fcnden, C. albicans\u2019\u0131n yan\u0131 s\u0131ra albicans d\u0131\u015f\u0131 t\u00fcrlerin do\u011fru bi\u00e7imde tan\u0131mlanmas\u0131, mortalitesi y\u00fcksek olan Candida infeksiyonlar\u0131n\u0131n tedavisi i\u00e7in \u00f6nemlidir. Bu yaz\u0131da, imm\u00fcnos\u00fcprese hastalar i\u00e7in f\u0131rsat\u00e7\u0131 patojen olan C. lusitaniae\u2019nin, VITEK\u00ae 2 (bioM\u00e9rieux, Marcy l&#8217;Etoile, Fransa) otomatize idantifikasyon sistemiyle hatal\u0131 bi\u00e7imde C. famata olarak tan\u0131mland\u0131\u011f\u0131 bir fungemi olgusu sunulmu\u015ftur. \u0130zolat\u0131n konvansiyonel y\u00f6ntemlerle C. lusitaniae olarak adland\u0131r\u0131lmas\u0131 \u00fczerine, tan\u0131mlama gerek MALDI-TOF\/MS (Bruker Daltonics, Bremen, Almanya) gerekse Phoenix 100 (Becton Dickinson, Sparks, MD, ABD) otomatize sistemi kullan\u0131larak do\u011frulanm\u0131\u015ft\u0131r. Bu olgu da g\u00f6stermektedir ki klinik \u00f6nemi olan Candida t\u00fcrlerinin \u00e7o\u011funun konvansiyonel y\u00f6ntemlerle tan\u0131mlanabilmesine kar\u015f\u0131l\u0131k, otomatize sistemlerle, \u00f6zellikle nadir g\u00f6r\u00fclen t\u00fcrler her zaman do\u011fru bi\u00e7imde tan\u0131mlanamayabilir. Bu nedenle tan\u0131mlamada otomatize sistemlerle birlikte konvansiyonel tan\u0131 y\u00f6ntemleri de kullan\u0131lmal\u0131, gerekti\u011finde daha ileri molek\u00fcler tan\u0131 y\u00f6ntemlerine ba\u015fvurulmal\u0131d\u0131r.<\/p>\n<p> Klimik Dergisi 2017; 30(3): 149-52.<\/p>\n<p> <strong>Cite this article as<\/strong>: Yap\u0131c\u0131 O, Er H, Eres-Sar\u0131ta\u015f Z, et al. [Misidentified Candida lusitaniae, causative agent of fungemia as Candida famata by automated identification system in a patient with immune thrombocytopenia]. Klimik Derg. 2017; 30(3): 149-52. Turkish.<\/p>\n","protected":false},"excerpt":{"rendered":"<p>\u00d6zet Candida t\u00fcrleri aras\u0131nda antifungal diren\u00e7 farkl\u0131l\u0131klar\u0131 g\u00f6r\u00fcld\u00fc\u011f\u00fcnden, C. albicans\u2019\u0131n yan\u0131 s\u0131ra albicans d\u0131\u015f\u0131 t\u00fcrlerin do\u011fru bi\u00e7imde tan\u0131mlanmas\u0131, mortalitesi y\u00fcksek olan Candida infeksiyonlar\u0131n\u0131n tedavisi i\u00e7in \u00f6nemlidir. Bu yaz\u0131da, imm\u00fcnos\u00fcprese hastalar i\u00e7in f\u0131rsat\u00e7\u0131 patojen olan C. lusitaniae\u2019nin, VITEK\u00ae 2 (bioM\u00e9rieux, Marcy l&#8217;Etoile, Fransa) otomatize idantifikasyon sistemiyle hatal\u0131 bi\u00e7imde C. famata olarak tan\u0131mland\u0131\u011f\u0131 bir fungemi olgusu sunulmu\u015ftur. [&hellip;]<\/p>\n","protected":false},"author":0,"featured_media":0,"comment_status":"","ping_status":"","sticky":false,"template":"","format":"standard","meta":{"_acf_changed":false,"footnotes":""},"categories":[5131],"tags":[4630,4629,4484,4631],"class_list":["post-14969","post","type-post","status-publish","format-standard","hentry","category-olgu-sunumu","tag-candida-famata","tag-candida-lusitaniae","tag-fungemi","tag-idantifikasyon"],"acf":[],"_links":{"self":[{"href":"https:\/\/www.klimikdergisi.org\/tr\/wp-json\/wp\/v2\/posts\/14969","targetHints":{"allow":["GET"]}}],"collection":[{"href":"https:\/\/www.klimikdergisi.org\/tr\/wp-json\/wp\/v2\/posts"}],"about":[{"href":"https:\/\/www.klimikdergisi.org\/tr\/wp-json\/wp\/v2\/types\/post"}],"replies":[{"embeddable":true,"href":"https:\/\/www.klimikdergisi.org\/tr\/wp-json\/wp\/v2\/comments?post=14969"}],"version-history":[{"count":0,"href":"https:\/\/www.klimikdergisi.org\/tr\/wp-json\/wp\/v2\/posts\/14969\/revisions"}],"wp:attachment":[{"href":"https:\/\/www.klimikdergisi.org\/tr\/wp-json\/wp\/v2\/media?parent=14969"}],"wp:term":[{"taxonomy":"category","embeddable":true,"href":"https:\/\/www.klimikdergisi.org\/tr\/wp-json\/wp\/v2\/categories?post=14969"},{"taxonomy":"post_tag","embeddable":true,"href":"https:\/\/www.klimikdergisi.org\/tr\/wp-json\/wp\/v2\/tags?post=14969"}],"curies":[{"name":"wp","href":"https:\/\/api.w.org\/{rel}","templated":true}]}}