{"id":14951,"date":"2021-01-05T01:23:08","date_gmt":"2021-01-04T22:23:08","guid":{"rendered":"https:\/\/www.klimikdergisi.org\/\/2021\/01\/05\/kronik-hepatit-b-hastalari-ve-inaktif-hepatit-b-virusu-tasiyicilarinda-depresyon-anksiyete-duzeyleri-ve-yasam-kalitesinin-degerlendirilmesi\/"},"modified":"2021-01-05T01:23:08","modified_gmt":"2021-01-04T22:23:08","slug":"kronik-hepatit-b-hastalari-ve-inaktif-hepatit-b-virusu-tasiyicilarinda-depresyon-anksiyete-duzeyleri-ve-yasam-kalitesinin-degerlendirilmesi","status":"publish","type":"post","link":"https:\/\/www.klimikdergisi.org\/tr\/2021\/01\/05\/kronik-hepatit-b-hastalari-ve-inaktif-hepatit-b-virusu-tasiyicilarinda-depresyon-anksiyete-duzeyleri-ve-yasam-kalitesinin-degerlendirilmesi\/","title":{"rendered":"Kronik Hepatit B Hastalar\u0131 ve \u0130naktif Hepatit B Virusu Ta\u015f\u0131y\u0131c\u0131lar\u0131nda Depresyon, Anksiyete D\u00fczeyleri ve Ya\u015fam Kalitesinin De\u011ferlendirilmesi"},"content":{"rendered":"<h1>\u00d6zet<\/h1>\n<p> <strong>Ama\u00e7<\/strong>: Bu \u00e7al\u0131\u015fmada kronik hepatit B (KHB) hastalar\u0131 ve inaktif hepatit B virusu (HBV) ta\u015f\u0131y\u0131c\u0131lar\u0131nda sa\u011fl\u0131kl\u0131 kontrol grubuna g\u00f6re anksiyete, depresyon ve ya\u015fam kalitesi skorlar\u0131n\u0131n kar\u015f\u0131la\u015ft\u0131r\u0131lmas\u0131, HBV infeksiyonu olan ki\u015filerin takip ve tedavisi s\u0131ras\u0131nda multidisipliner yakla\u015f\u0131mlar\u0131n gereklili\u011finin g\u00f6sterilmesi ama\u00e7land\u0131.<\/p>\n<p> <strong>Y\u00f6ntemler<\/strong>: \u00c7al\u0131\u015fma A\u011fustos 2013-A\u011fustos 2014 tarihleri aras\u0131nda Sel\u00e7uk \u00dcniversitesi, T\u0131p Fak\u00fcltesi, \u0130nfeksiyon Hastal\u0131klar\u0131 ve Klinik Mikrobiyoloji Poliklini\u011fi\u2019ne ba\u015fvuran 100 KHB hastas\u0131, 100 inaktif HBV ta\u015f\u0131y\u0131c\u0131s\u0131 ve 100 sa\u011fl\u0131kl\u0131 kontrol olmak \u00fczere toplam 300 ki\u015fi \u00fczerinde yap\u0131ld\u0131. T\u00fcm kat\u0131l\u0131mc\u0131lara anksiyete ve depresyonu de\u011ferlendirmek amac\u0131yla Hastane Anksiyete ve Depresyon (HAD) \u00d6l\u00e7e\u011fi ve ya\u015fam kalitelerini de\u011ferlendirmek amac\u0131yla \u201cShort Form-36\u201d (SF-36) uyguland\u0131.<\/p>\n<p> <strong>Bulgular<\/strong>: HAD \u00d6l\u00e7e\u011fine g\u00f6re ta\u015f\u0131y\u0131c\u0131 grupta anksiyete riski kontrol grubundan y\u00fcksek bulundu (p=0.031). Hasta grubu (p=0.031) ve ta\u015f\u0131y\u0131c\u0131 grupta (p=0.046) depresyon riski kontrol grubuna g\u00f6re y\u00fcksek bulundu. Hasta grubu ve ta\u015f\u0131y\u0131c\u0131 grup aras\u0131nda anksiyete riski ve depresyon riski a\u00e7\u0131s\u0131ndan anlaml\u0131 bir fark yoktu (p>0.05). Hasta grubu (p=0.015), ta\u015f\u0131y\u0131c\u0131 grup (p=0.035) ve kontrol grubunda (p=0.001) kad\u0131n hastalarda anksiyete riskinin erkek hastalara g\u00f6re y\u00fcksek oldu\u011fu g\u00f6r\u00fcld\u00fc. Hasta grubu (p=0.037) ve ta\u015f\u0131y\u0131c\u0131 grupta (p=0.038) kad\u0131n hastalarda depresyon riskinin y\u00fcksek oldu\u011fu g\u00f6r\u00fcld\u00fc. T\u00fcm olgular\u0131n medeni durumlar\u0131, aile tipi, ya\u015fad\u0131klar\u0131 yerle anksiyete ve depresyon riskleri aras\u0131nda fark bulunmad\u0131 (p>0.05). Ya\u015fam kalitesi parametrelerinden genel sa\u011fl\u0131k, fiziksel rol g\u00fc\u00e7l\u00fc\u011f\u00fc ve vitalite skorlar\u0131, inaktif HBV ta\u015f\u0131y\u0131c\u0131lar\u0131 ve KHB hastalar\u0131nda kontrol grubuna g\u00f6re d\u00fc\u015f\u00fck bulundu (p&lt;0.05).<\/p>\n<p> <strong>Sonu\u00e7lar<\/strong>: HBV ile kronik olarak infekte ki\u015filerin takip ve tedavileri s\u0131ras\u0131nda ruhsal durumlar\u0131 g\u00f6z ard\u0131 edilmemelidir. Saptanan psikiyatrik bozukluklar\u0131n etkin \u015fekilde tedavi edilmesi bu olgular\u0131n sa\u011fl\u0131kla ili\u015fkili ya\u015fam kalitelerinin artmas\u0131n\u0131 sa\u011flayacak ve tedaviye olan uyumlar\u0131n\u0131 art\u0131racakt\u0131r.<\/p>\n<p> Klimik Dergisi 2017; 30(3): 136-41.<\/p>\n<p> <strong>Cite this article as<\/strong>: Yi\u011fit \u00d6, Ural O, Aktu\u011f-Demir N, S\u00fcmer \u015e, G\u00fcler \u00d6, Demir LS. [Evaluation of depression, anxiety level and quality of life in patients with chronic hepatitis B and inactive hepatitis B virus carriers]. Klimik Derg. 2017; 30(3): 136-41. Turkish.<\/p>\n","protected":false},"excerpt":{"rendered":"<p>\u00d6zet Ama\u00e7: Bu \u00e7al\u0131\u015fmada kronik hepatit B (KHB) hastalar\u0131 ve inaktif hepatit B virusu (HBV) ta\u015f\u0131y\u0131c\u0131lar\u0131nda sa\u011fl\u0131kl\u0131 kontrol grubuna g\u00f6re anksiyete, depresyon ve ya\u015fam kalitesi skorlar\u0131n\u0131n kar\u015f\u0131la\u015ft\u0131r\u0131lmas\u0131, HBV infeksiyonu olan ki\u015filerin takip ve tedavisi s\u0131ras\u0131nda multidisipliner yakla\u015f\u0131mlar\u0131n gereklili\u011finin g\u00f6sterilmesi ama\u00e7land\u0131. Y\u00f6ntemler: \u00c7al\u0131\u015fma A\u011fustos 2013-A\u011fustos 2014 tarihleri aras\u0131nda Sel\u00e7uk \u00dcniversitesi, T\u0131p Fak\u00fcltesi, \u0130nfeksiyon Hastal\u0131klar\u0131 ve Klinik [&hellip;]<\/p>\n","protected":false},"author":0,"featured_media":0,"comment_status":"","ping_status":"","sticky":false,"template":"","format":"standard","meta":{"_acf_changed":false,"footnotes":""},"categories":[5129],"tags":[4639,3636,3525,3793],"class_list":["post-14951","post","type-post","status-publish","format-standard","hentry","category-ozgun-arastirma","tag-anksiyete","tag-depresyon","tag-hepatit-b","tag-yasam-kalitesi"],"acf":[],"_links":{"self":[{"href":"https:\/\/www.klimikdergisi.org\/tr\/wp-json\/wp\/v2\/posts\/14951","targetHints":{"allow":["GET"]}}],"collection":[{"href":"https:\/\/www.klimikdergisi.org\/tr\/wp-json\/wp\/v2\/posts"}],"about":[{"href":"https:\/\/www.klimikdergisi.org\/tr\/wp-json\/wp\/v2\/types\/post"}],"replies":[{"embeddable":true,"href":"https:\/\/www.klimikdergisi.org\/tr\/wp-json\/wp\/v2\/comments?post=14951"}],"version-history":[{"count":0,"href":"https:\/\/www.klimikdergisi.org\/tr\/wp-json\/wp\/v2\/posts\/14951\/revisions"}],"wp:attachment":[{"href":"https:\/\/www.klimikdergisi.org\/tr\/wp-json\/wp\/v2\/media?parent=14951"}],"wp:term":[{"taxonomy":"category","embeddable":true,"href":"https:\/\/www.klimikdergisi.org\/tr\/wp-json\/wp\/v2\/categories?post=14951"},{"taxonomy":"post_tag","embeddable":true,"href":"https:\/\/www.klimikdergisi.org\/tr\/wp-json\/wp\/v2\/tags?post=14951"}],"curies":[{"name":"wp","href":"https:\/\/api.w.org\/{rel}","templated":true}]}}