{"id":14903,"date":"2021-01-05T01:23:05","date_gmt":"2021-01-04T22:23:05","guid":{"rendered":"https:\/\/www.klimikdergisi.org\/\/2021\/01\/05\/fusobacterium-nucleatumun-neden-oldugu-koryoamniyonit-bir-olgu-sunumu\/"},"modified":"2021-01-05T01:23:05","modified_gmt":"2021-01-04T22:23:05","slug":"fusobacterium-nucleatumun-neden-oldugu-koryoamniyonit-bir-olgu-sunumu","status":"publish","type":"post","link":"https:\/\/www.klimikdergisi.org\/tr\/2021\/01\/05\/fusobacterium-nucleatumun-neden-oldugu-koryoamniyonit-bir-olgu-sunumu\/","title":{"rendered":"Fusobacterium nucleatum&#39;un Neden Oldu\u011fu Koryoamniyonit: Bir Olgu Sunumu"},"content":{"rendered":"<h1>\u00d6zet<\/h1>\n<p> Fusobacterium t\u00fcrleri, normal insan floras\u0131nda bulunan f\u0131rsat\u00e7\u0131 patojenlerdir. En yayg\u0131n t\u00fcr F. nucleatum&#39;dur. \u00d6zellikle a\u011f\u0131z hijyeni k\u00f6t\u00fc olan insanlarda subgingival plakta yerle\u015fir. \u0130mm\u00fcnos\u00fcprese hastalarda derin ve ilerleyici doku hasar\u0131na ve periodontitlere neden olabilir. \u00dcreme \u00e7a\u011f\u0131ndaki kad\u0131nlarda periodontit geli\u015fmesi,\u00a0 preterm do\u011fum, erken membran r\u00fcpt\u00fcr\u00fc ve fetal \u00f6l\u00fcm dahil olumsuz gebelik sonu\u00e7lar\u0131yla ili\u015fkilidir. Sepsis belirti ve bulgular\u0131yla hastanemize ba\u015fvuran, 24 ya\u015f\u0131nda primigravid, gebeli\u011fin 26. haftas\u0131ndaki preterm bir kad\u0131nda, do\u011fum esnas\u0131nda k\u00f6t\u00fc koku fark edildi. Akut koryoamniyonit tan\u0131s\u0131 konulan olguda plasentan\u0131n anaerop k\u00fclt\u00fcr\u00fcnde etken olarak F. nucleatum izole edildi.\u00a0<\/p>\n<p> <strong>Cite this article as: <\/strong>\u0130rvem A, Bedir M, Yo\u011furt\u00e7uo\u011flu-Eren EE, Ba\u011fc\u0131-T\u00fcrkmen S, K\u0131ran G.. [Fusobacterium nucleatum&#39;un neden oldu\u011fu koryoamniyonit: Bir olgu sunumu]. Klimik Derg. 2018; 31(1): 74-6. Turkish.<\/p>\n","protected":false},"excerpt":{"rendered":"<p>\u00d6zet Fusobacterium t\u00fcrleri, normal insan floras\u0131nda bulunan f\u0131rsat\u00e7\u0131 patojenlerdir. En yayg\u0131n t\u00fcr F. nucleatum&#39;dur. \u00d6zellikle a\u011f\u0131z hijyeni k\u00f6t\u00fc olan insanlarda subgingival plakta yerle\u015fir. \u0130mm\u00fcnos\u00fcprese hastalarda derin ve ilerleyici doku hasar\u0131na ve periodontitlere neden olabilir. \u00dcreme \u00e7a\u011f\u0131ndaki kad\u0131nlarda periodontit geli\u015fmesi,\u00a0 preterm do\u011fum, erken membran r\u00fcpt\u00fcr\u00fc ve fetal \u00f6l\u00fcm dahil olumsuz gebelik sonu\u00e7lar\u0131yla ili\u015fkilidir. Sepsis belirti ve [&hellip;]<\/p>\n","protected":false},"author":0,"featured_media":0,"comment_status":"","ping_status":"","sticky":false,"template":"","format":"standard","meta":{"_acf_changed":false,"footnotes":""},"categories":[5131],"tags":[4650,4651],"class_list":["post-14903","post","type-post","status-publish","format-standard","hentry","category-olgu-sunumu","tag-fusobacterium-nucleatum","tag-koryoamniyonit"],"acf":[],"_links":{"self":[{"href":"https:\/\/www.klimikdergisi.org\/tr\/wp-json\/wp\/v2\/posts\/14903","targetHints":{"allow":["GET"]}}],"collection":[{"href":"https:\/\/www.klimikdergisi.org\/tr\/wp-json\/wp\/v2\/posts"}],"about":[{"href":"https:\/\/www.klimikdergisi.org\/tr\/wp-json\/wp\/v2\/types\/post"}],"replies":[{"embeddable":true,"href":"https:\/\/www.klimikdergisi.org\/tr\/wp-json\/wp\/v2\/comments?post=14903"}],"version-history":[{"count":0,"href":"https:\/\/www.klimikdergisi.org\/tr\/wp-json\/wp\/v2\/posts\/14903\/revisions"}],"wp:attachment":[{"href":"https:\/\/www.klimikdergisi.org\/tr\/wp-json\/wp\/v2\/media?parent=14903"}],"wp:term":[{"taxonomy":"category","embeddable":true,"href":"https:\/\/www.klimikdergisi.org\/tr\/wp-json\/wp\/v2\/categories?post=14903"},{"taxonomy":"post_tag","embeddable":true,"href":"https:\/\/www.klimikdergisi.org\/tr\/wp-json\/wp\/v2\/tags?post=14903"}],"curies":[{"name":"wp","href":"https:\/\/api.w.org\/{rel}","templated":true}]}}