{"id":14885,"date":"2021-01-05T01:23:04","date_gmt":"2021-01-04T22:23:04","guid":{"rendered":"https:\/\/www.klimikdergisi.org\/\/2021\/01\/05\/inkubasyon-suresi-kisa-olan-bir-jeneralize-tetanos-olgusu\/"},"modified":"2021-01-05T01:23:04","modified_gmt":"2021-01-04T22:23:04","slug":"inkubasyon-suresi-kisa-olan-bir-jeneralize-tetanos-olgusu","status":"publish","type":"post","link":"https:\/\/www.klimikdergisi.org\/tr\/2021\/01\/05\/inkubasyon-suresi-kisa-olan-bir-jeneralize-tetanos-olgusu\/","title":{"rendered":"\u0130nk\u00fcbasyon S\u00fcresi K\u0131sa Olan Bir Jeneralize Tetanos Olgusu"},"content":{"rendered":"<h1>\u00d6zet<\/h1>\n<p> Bu bildiride, 61 ya\u015f\u0131nda, kirli yaralanma sonras\u0131 acil servise ba\u015fvuran ve yaln\u0131zca tetanos a\u015f\u0131s\u0131 yap\u0131lan, 5 g\u00fcnl\u00fck k\u0131sa bir ink\u00fcbasyon s\u00fcresini takiben jeneralize tetanos geli\u015fen bir olgu sunulmu\u015ftur. Ba\u015flang\u0131\u00e7 bulgular\u0131 risus sardonicus ve trismus olan hasta, solunum yetmezli\u011fi geli\u015fmesi \u00fczerine int\u00fcbe edilerek yo\u011fun bak\u0131m \u00fcnitesinde takibe al\u0131nm\u0131\u015ft\u0131r. Geli\u015fen otonomik disfonksiyonlar\u0131 tedaviye ra\u011fmen gerilemeyen hasta, hastaneye yat\u0131\u015f\u0131n\u0131n 23. g\u00fcn\u00fcnde kaybedilmi\u015ftir.<\/p>\n<p> <strong>Cite this article as: <\/strong>Temo\u00e7in F, K\u00f6se H, Sar\u0131 S. [A case of generalized tetanus with a short incubation period].\u00a0<\/p>\n","protected":false},"excerpt":{"rendered":"<p>\u00d6zet Bu bildiride, 61 ya\u015f\u0131nda, kirli yaralanma sonras\u0131 acil servise ba\u015fvuran ve yaln\u0131zca tetanos a\u015f\u0131s\u0131 yap\u0131lan, 5 g\u00fcnl\u00fck k\u0131sa bir ink\u00fcbasyon s\u00fcresini takiben jeneralize tetanos geli\u015fen bir olgu sunulmu\u015ftur. Ba\u015flang\u0131\u00e7 bulgular\u0131 risus sardonicus ve trismus olan hasta, solunum yetmezli\u011fi geli\u015fmesi \u00fczerine int\u00fcbe edilerek yo\u011fun bak\u0131m \u00fcnitesinde takibe al\u0131nm\u0131\u015ft\u0131r. Geli\u015fen otonomik disfonksiyonlar\u0131 tedaviye ra\u011fmen gerilemeyen hasta, [&hellip;]<\/p>\n","protected":false},"author":0,"featured_media":0,"comment_status":"","ping_status":"","sticky":false,"template":"","format":"standard","meta":{"_acf_changed":false,"footnotes":""},"categories":[5131],"tags":[4655,4656,2799,4657],"class_list":["post-14885","post","type-post","status-publish","format-standard","hentry","category-olgu-sunumu","tag-clostridium-tetani","tag-risus-sardonicus","tag-tetanos","tag-trismus"],"acf":[],"_links":{"self":[{"href":"https:\/\/www.klimikdergisi.org\/tr\/wp-json\/wp\/v2\/posts\/14885","targetHints":{"allow":["GET"]}}],"collection":[{"href":"https:\/\/www.klimikdergisi.org\/tr\/wp-json\/wp\/v2\/posts"}],"about":[{"href":"https:\/\/www.klimikdergisi.org\/tr\/wp-json\/wp\/v2\/types\/post"}],"replies":[{"embeddable":true,"href":"https:\/\/www.klimikdergisi.org\/tr\/wp-json\/wp\/v2\/comments?post=14885"}],"version-history":[{"count":0,"href":"https:\/\/www.klimikdergisi.org\/tr\/wp-json\/wp\/v2\/posts\/14885\/revisions"}],"wp:attachment":[{"href":"https:\/\/www.klimikdergisi.org\/tr\/wp-json\/wp\/v2\/media?parent=14885"}],"wp:term":[{"taxonomy":"category","embeddable":true,"href":"https:\/\/www.klimikdergisi.org\/tr\/wp-json\/wp\/v2\/categories?post=14885"},{"taxonomy":"post_tag","embeddable":true,"href":"https:\/\/www.klimikdergisi.org\/tr\/wp-json\/wp\/v2\/tags?post=14885"}],"curies":[{"name":"wp","href":"https:\/\/api.w.org\/{rel}","templated":true}]}}