{"id":14783,"date":"2021-01-05T01:22:57","date_gmt":"2021-01-04T22:22:57","guid":{"rendered":"https:\/\/www.klimikdergisi.org\/\/2021\/01\/05\/endotrakeal-aspirat-orneklerinden-izole-edilen-bakteriler-ve-antibiyotik-duyarliliklari-bir-yillik-retrospektif-analiz\/"},"modified":"2021-01-05T01:22:57","modified_gmt":"2021-01-04T22:22:57","slug":"endotrakeal-aspirat-orneklerinden-izole-edilen-bakteriler-ve-antibiyotik-duyarliliklari-bir-yillik-retrospektif-analiz","status":"publish","type":"post","link":"https:\/\/www.klimikdergisi.org\/tr\/2021\/01\/05\/endotrakeal-aspirat-orneklerinden-izole-edilen-bakteriler-ve-antibiyotik-duyarliliklari-bir-yillik-retrospektif-analiz\/","title":{"rendered":"Endotrakeal Aspirat \u00d6rneklerinden \u0130zole Edilen Bakteriler ve Antibiyotik Duyarl\u0131l\u0131klar\u0131: Bir Y\u0131ll\u0131k Retrospektif Analiz"},"content":{"rendered":"<h1>\u00d6zet<\/h1>\n<p> <strong>Cite this article as<\/strong>: Gen\u00e7 S, U\u011fur M. [Microbiological evaluation of the pathogens isolated from the endotracheal aspirate samples of the patients followed in the intensive care units: A one-year retrospective analysis (Letter)]. Klimik Derg. 2018; 31(2): 173-4. Turkish.<\/p>\n","protected":false},"excerpt":{"rendered":"<p>\u00d6zet Cite this article as: Gen\u00e7 S, U\u011fur M. [Microbiological evaluation of the pathogens isolated from the endotracheal aspirate samples of the patients followed in the intensive care units: A one-year retrospective analysis (Letter)]. Klimik Derg. 2018; 31(2): 173-4. Turkish.<\/p>\n","protected":false},"author":0,"featured_media":0,"comment_status":"","ping_status":"","sticky":false,"template":"","format":"standard","meta":{"_acf_changed":false,"footnotes":""},"categories":[5139],"tags":[],"class_list":["post-14783","post","type-post","status-publish","format-standard","hentry","category-editore-mektup"],"acf":[],"_links":{"self":[{"href":"https:\/\/www.klimikdergisi.org\/tr\/wp-json\/wp\/v2\/posts\/14783","targetHints":{"allow":["GET"]}}],"collection":[{"href":"https:\/\/www.klimikdergisi.org\/tr\/wp-json\/wp\/v2\/posts"}],"about":[{"href":"https:\/\/www.klimikdergisi.org\/tr\/wp-json\/wp\/v2\/types\/post"}],"replies":[{"embeddable":true,"href":"https:\/\/www.klimikdergisi.org\/tr\/wp-json\/wp\/v2\/comments?post=14783"}],"version-history":[{"count":0,"href":"https:\/\/www.klimikdergisi.org\/tr\/wp-json\/wp\/v2\/posts\/14783\/revisions"}],"wp:attachment":[{"href":"https:\/\/www.klimikdergisi.org\/tr\/wp-json\/wp\/v2\/media?parent=14783"}],"wp:term":[{"taxonomy":"category","embeddable":true,"href":"https:\/\/www.klimikdergisi.org\/tr\/wp-json\/wp\/v2\/categories?post=14783"},{"taxonomy":"post_tag","embeddable":true,"href":"https:\/\/www.klimikdergisi.org\/tr\/wp-json\/wp\/v2\/tags?post=14783"}],"curies":[{"name":"wp","href":"https:\/\/api.w.org\/{rel}","templated":true}]}}