{"id":14777,"date":"2021-01-05T01:22:56","date_gmt":"2021-01-04T22:22:56","guid":{"rendered":"https:\/\/www.klimikdergisi.org\/\/2021\/01\/05\/pan-rezistan-klebsiella-pneumoniae-infeksiyonunda-kombinasyon-antibiyotik-tedavisi-iki-olgu-bildirisi\/"},"modified":"2021-01-05T01:22:56","modified_gmt":"2021-01-04T22:22:56","slug":"pan-rezistan-klebsiella-pneumoniae-infeksiyonunda-kombinasyon-antibiyotik-tedavisi-iki-olgu-bildirisi","status":"publish","type":"post","link":"https:\/\/www.klimikdergisi.org\/tr\/2021\/01\/05\/pan-rezistan-klebsiella-pneumoniae-infeksiyonunda-kombinasyon-antibiyotik-tedavisi-iki-olgu-bildirisi\/","title":{"rendered":"Pan-Rezistan Klebsiella pneumoniae \u0130nfeksiyonunda Kombinasyon Antibiyotik Tedavisi: \u0130ki Olgu Bildirisi"},"content":{"rendered":"<h1>\u00d6zet<\/h1>\n<p> Diren\u00e7li Gram-negatif bakterilere ba\u011fl\u0131 infeksiyonlar giderek artan s\u0131kl\u0131kta g\u00f6r\u00fclmektedir. Bu infeksiyonlar\u0131n tedavisinde kolistin kullan\u0131lmaktayken, kolistine diren\u00e7li bakteriler ve pan-rezistan bakteriler ortaya \u00e7\u0131km\u0131\u015ft\u0131r. Bu durumun yak\u0131n gelecekte \u00f6nemli bir sa\u011fl\u0131k sorunu haline gelece\u011fi d\u00fc\u015f\u00fcn\u00fclmektedir. Pan-rezistan bakterilerle geli\u015fen infeksiyonlarda \u00e7e\u015fitli kombinasyon tedavileri kullan\u0131lmaktad\u0131r. Kolistinle veya kolistin olmadan ikili karbapenem tedavisi de bu ama\u00e7la kullan\u0131l\u0131r. Bu yaz\u0131da birincisi nekrotik deri lezyonu zemininde geli\u015fen, ikincisi komplike \u00fcriner sistem infeksiyonu tedavisi s\u0131ras\u0131nda santral ven\u00f6z kateterle ili\u015fkili bakteriyemi olarak ortaya \u00e7\u0131kan ve biri kolistinle birlikte olmak \u00fczere ikili karbapenemle tedavi edilen iki ayr\u0131 pan-rezistan Klebsiella pneumoniae infeksiyonu olgusu sunulmu\u015ftur.<\/p>\n<p> <strong><br \/><\/br> Cite this article as<\/strong>: Emre S, Moro\u011flu \u00c7, Y\u0131ld\u0131rmak T, et al. [Combination antibiotic therapy in pan-resistant Klebsiella pneumoniae infection: A report of two cases]. Klimik Derg. 2018; 31(2): 169-72. Turkish.<\/p>\n","protected":false},"excerpt":{"rendered":"<p>\u00d6zet Diren\u00e7li Gram-negatif bakterilere ba\u011fl\u0131 infeksiyonlar giderek artan s\u0131kl\u0131kta g\u00f6r\u00fclmektedir. Bu infeksiyonlar\u0131n tedavisinde kolistin kullan\u0131lmaktayken, kolistine diren\u00e7li bakteriler ve pan-rezistan bakteriler ortaya \u00e7\u0131km\u0131\u015ft\u0131r. Bu durumun yak\u0131n gelecekte \u00f6nemli bir sa\u011fl\u0131k sorunu haline gelece\u011fi d\u00fc\u015f\u00fcn\u00fclmektedir. Pan-rezistan bakterilerle geli\u015fen infeksiyonlarda \u00e7e\u015fitli kombinasyon tedavileri kullan\u0131lmaktad\u0131r. Kolistinle veya kolistin olmadan ikili karbapenem tedavisi de bu ama\u00e7la kullan\u0131l\u0131r. Bu yaz\u0131da [&hellip;]<\/p>\n","protected":false},"author":0,"featured_media":0,"comment_status":"","ping_status":"","sticky":false,"template":"","format":"standard","meta":{"_acf_changed":false,"footnotes":""},"categories":[5131],"tags":[4082,4383,2962,4303],"class_list":["post-14777","post","type-post","status-publish","format-standard","hentry","category-olgu-sunumu","tag-cogul-ilac-direnci","tag-karbapenemler","tag-klebsiella-pneumoniae","tag-kolistin"],"acf":[],"_links":{"self":[{"href":"https:\/\/www.klimikdergisi.org\/tr\/wp-json\/wp\/v2\/posts\/14777","targetHints":{"allow":["GET"]}}],"collection":[{"href":"https:\/\/www.klimikdergisi.org\/tr\/wp-json\/wp\/v2\/posts"}],"about":[{"href":"https:\/\/www.klimikdergisi.org\/tr\/wp-json\/wp\/v2\/types\/post"}],"replies":[{"embeddable":true,"href":"https:\/\/www.klimikdergisi.org\/tr\/wp-json\/wp\/v2\/comments?post=14777"}],"version-history":[{"count":0,"href":"https:\/\/www.klimikdergisi.org\/tr\/wp-json\/wp\/v2\/posts\/14777\/revisions"}],"wp:attachment":[{"href":"https:\/\/www.klimikdergisi.org\/tr\/wp-json\/wp\/v2\/media?parent=14777"}],"wp:term":[{"taxonomy":"category","embeddable":true,"href":"https:\/\/www.klimikdergisi.org\/tr\/wp-json\/wp\/v2\/categories?post=14777"},{"taxonomy":"post_tag","embeddable":true,"href":"https:\/\/www.klimikdergisi.org\/tr\/wp-json\/wp\/v2\/tags?post=14777"}],"curies":[{"name":"wp","href":"https:\/\/api.w.org\/{rel}","templated":true}]}}