{"id":14729,"date":"2021-01-05T01:22:52","date_gmt":"2021-01-04T22:22:52","guid":{"rendered":"https:\/\/www.klimikdergisi.org\/\/2021\/01\/05\/kayseri-ilinde-2009-2014-yillari-arasindaki-kuduz-riskli-temaslarin-degerlendirilmesi\/"},"modified":"2021-01-05T01:22:52","modified_gmt":"2021-01-04T22:22:52","slug":"kayseri-ilinde-2009-2014-yillari-arasindaki-kuduz-riskli-temaslarin-degerlendirilmesi","status":"publish","type":"post","link":"https:\/\/www.klimikdergisi.org\/tr\/2021\/01\/05\/kayseri-ilinde-2009-2014-yillari-arasindaki-kuduz-riskli-temaslarin-degerlendirilmesi\/","title":{"rendered":"Kayseri \u0130linde 2009-2014 Y\u0131llar\u0131 Aras\u0131ndaki Kuduz Riskli Temaslar\u0131n De\u011ferlendirilmesi"},"content":{"rendered":"<h1>\u00d6zet<\/h1>\n<p> <strong>Ama\u00e7<\/strong>: Bu \u00e7al\u0131\u015fmada Kayseri ili genelinde 2009-2014 y\u0131llar\u0131 aras\u0131nda kuduz riskli temas\u0131 olan ki\u015filerin demografik \u00f6zelliklerinin ve co\u011frafi da\u011f\u0131l\u0131m\u0131n\u0131n incelemesi ama\u00e7lanm\u0131\u015ft\u0131r.<\/p>\n<p> <strong><br \/><\/br> Y\u00f6ntemler<\/strong>: Tan\u0131mlay\u0131c\u0131 tipteki ara\u015ft\u0131rman\u0131n verileri Form 014\u2019le Temel Sa\u011fl\u0131k \u0130statistikleri Mod\u00fcl\u00fc\u2019ne yap\u0131lan giri\u015fler \u00fczerinden elde edilmi\u015ftir. Veriler IBM SPSS Statistics\u00a0 for Windows. Version 22.0 (Statistical Package for the Social Sciences, IBM Corp., Armonk, NY, ABD) paket program\u0131 kullan\u0131larak analiz edilmi\u015ftir.<\/p>\n<p> <strong><br \/><\/br> Bulgular<\/strong>: 2009-2014 y\u0131llar\u0131 aras\u0131nda kay\u0131tlarda olan 4921 ki\u015fi de\u011ferlendirmeye al\u0131nm\u0131\u015f olup bunlar\u0131n %76.7\u2019si erkek, %27.7\u2019si 10-19 ya\u015f grubunda bulunmaktayd\u0131. Genel olarak temaslar\u0131n yar\u0131s\u0131ndan fazlas\u0131 ilkbahar ve yaz aylar\u0131nda g\u00f6r\u00fclm\u00fc\u015ft\u00fc. Olgular\u0131n yakla\u015f\u0131k %60\u2019\u0131 merkez il\u00e7elerin sa\u011fl\u0131k kurulu\u015flar\u0131na ba\u015fvurmu\u015flard\u0131.<\/p>\n<p> <strong><br \/><\/br> Sonu\u00e7lar<\/strong>: Kuduz, Kayseri ili a\u00e7\u0131s\u0131ndan \u00f6nemli bir halk sa\u011fl\u0131\u011f\u0131 sorunu olarak varl\u0131\u011f\u0131n\u0131 s\u00fcrd\u00fcrmektedir. Kuduz riskli temaslar a\u00e7\u0131s\u0131ndan risk alt\u0131nda bulunan \u00f6zellikle \u226419 ya\u015f\u0131ndaki bireylerin ve t\u00fcm toplumun bilin\u00e7lendirilmesi, ayr\u0131ca temas riski y\u00fcksek olan k\u00f6pek ve kedi gibi evcil hayvanlar\u0131n a\u015f\u0131lanmas\u0131, sorunun \u00e7\u00f6z\u00fcm\u00fcne katk\u0131da bulunabilir. Kuduz riskli temaslara ait verilerin d\u00fczenli ve daha ayr\u0131nt\u0131l\u0131 olarak kay\u0131t alt\u0131na al\u0131nmas\u0131 da kuduz m\u00fccadelesinde ba\u015far\u0131l\u0131 olunmas\u0131 i\u00e7in gereklidir.<\/p>\n<p> <o:p>\u00a0<\/o:p><\/p>\n<p> <strong>Cite this article as<\/strong>: Timur A, Balc\u0131 E, T\u00fcrker K, Durmu\u015f H. [Evaluation of exposures with rabies risk between 2009 and 2014 in Kayseri, Turkey]. Klimik Derg. 2018; 31(2): 135-8. Turkish.<\/p>\n","protected":false},"excerpt":{"rendered":"<p>\u00d6zet Ama\u00e7: Bu \u00e7al\u0131\u015fmada Kayseri ili genelinde 2009-2014 y\u0131llar\u0131 aras\u0131nda kuduz riskli temas\u0131 olan ki\u015filerin demografik \u00f6zelliklerinin ve co\u011frafi da\u011f\u0131l\u0131m\u0131n\u0131n incelemesi ama\u00e7lanm\u0131\u015ft\u0131r. Y\u00f6ntemler: Tan\u0131mlay\u0131c\u0131 tipteki ara\u015ft\u0131rman\u0131n verileri Form 014\u2019le Temel Sa\u011fl\u0131k \u0130statistikleri Mod\u00fcl\u00fc\u2019ne yap\u0131lan giri\u015fler \u00fczerinden elde edilmi\u015ftir. Veriler IBM SPSS Statistics\u00a0 for Windows. Version 22.0 (Statistical Package for the Social Sciences, IBM Corp., Armonk, [&hellip;]<\/p>\n","protected":false},"author":0,"featured_media":0,"comment_status":"","ping_status":"","sticky":false,"template":"","format":"standard","meta":{"_acf_changed":false,"footnotes":""},"categories":[5129],"tags":[4744,3279],"class_list":["post-14729","post","type-post","status-publish","format-standard","hentry","category-ozgun-arastirma","tag-epidemiyolojik-yontemler","tag-kuduz"],"acf":[],"_links":{"self":[{"href":"https:\/\/www.klimikdergisi.org\/tr\/wp-json\/wp\/v2\/posts\/14729","targetHints":{"allow":["GET"]}}],"collection":[{"href":"https:\/\/www.klimikdergisi.org\/tr\/wp-json\/wp\/v2\/posts"}],"about":[{"href":"https:\/\/www.klimikdergisi.org\/tr\/wp-json\/wp\/v2\/types\/post"}],"replies":[{"embeddable":true,"href":"https:\/\/www.klimikdergisi.org\/tr\/wp-json\/wp\/v2\/comments?post=14729"}],"version-history":[{"count":0,"href":"https:\/\/www.klimikdergisi.org\/tr\/wp-json\/wp\/v2\/posts\/14729\/revisions"}],"wp:attachment":[{"href":"https:\/\/www.klimikdergisi.org\/tr\/wp-json\/wp\/v2\/media?parent=14729"}],"wp:term":[{"taxonomy":"category","embeddable":true,"href":"https:\/\/www.klimikdergisi.org\/tr\/wp-json\/wp\/v2\/categories?post=14729"},{"taxonomy":"post_tag","embeddable":true,"href":"https:\/\/www.klimikdergisi.org\/tr\/wp-json\/wp\/v2\/tags?post=14729"}],"curies":[{"name":"wp","href":"https:\/\/api.w.org\/{rel}","templated":true}]}}