{"id":14693,"date":"2021-01-05T01:22:49","date_gmt":"2021-01-04T22:22:49","guid":{"rendered":"https:\/\/www.klimikdergisi.org\/\/2021\/01\/05\/bir-universite-hastanesi-ogrencileri-arastirma-gorevlileri-ve-ogretim-uyelerinin-el-hijyeni-hakkindaki-bilgi-duzeyleri\/"},"modified":"2021-01-05T01:22:49","modified_gmt":"2021-01-04T22:22:49","slug":"bir-universite-hastanesi-ogrencileri-arastirma-gorevlileri-ve-ogretim-uyelerinin-el-hijyeni-hakkindaki-bilgi-duzeyleri","status":"publish","type":"post","link":"https:\/\/www.klimikdergisi.org\/tr\/2021\/01\/05\/bir-universite-hastanesi-ogrencileri-arastirma-gorevlileri-ve-ogretim-uyelerinin-el-hijyeni-hakkindaki-bilgi-duzeyleri\/","title":{"rendered":"Bir \u00dcniversite Hastanesi \u00d6\u011frencileri, Ara\u015ft\u0131rma G\u00f6revlileri ve \u00d6\u011fretim \u00dcyelerinin El Hijyeni Hakk\u0131ndaki Bilgi D\u00fczeyleri"},"content":{"rendered":"<h1>\u00d6zet<\/h1>\n<p> <strong>Ama\u00e7<\/strong>: Bu \u00e7al\u0131\u015fman\u0131n amac\u0131 bir \u00fcniversite hastanesi \u00f6\u011frencilerinin, ara\u015ft\u0131rma g\u00f6revlilerinin ve \u00f6\u011fretim \u00fcyelerinin el hijyeni hakk\u0131nda fark\u0131ndal\u0131\u011f\u0131 ve bilgi d\u00fczeyinin de\u011ferlendirilmesidir.<\/p>\n<p> <strong><br \/><\/br> Y\u00f6ntemler<\/strong>: Bu \u00e7al\u0131\u015fma bir \u00fcniversite hastanesinde okuyan 892 \u00f6\u011frenci, fak\u00fcltemizde \u00e7al\u0131\u015fan 243 ara\u015ft\u0131rma g\u00f6revlisi ve 131 \u00f6\u011fretim \u00fcyesi olmak \u00fczere toplam 1266 ki\u015fi \u00fczerinde yap\u0131ld\u0131. Literat\u00fcr taramas\u0131 sonras\u0131nda haz\u0131rlanan anketler kat\u0131l\u0131mc\u0131lara y\u00fcz y\u00fcze uyguland\u0131.<\/p>\n<p> <strong><br \/><\/br> Bulgular<\/strong>: \u00c7al\u0131\u015fmaya kat\u0131lan 1266 ki\u015finin 657 (%51.9)\u2019si erkek, 609 (%48.1)\u2019u kad\u0131nd\u0131. \u00c7al\u0131\u015fmaya kat\u0131lan \u00f6\u011frencilerin %91\u2019inin, ara\u015ft\u0131rma g\u00f6revlilerinin %73.2\u2019sinin son 5 y\u0131l i\u00e7erisinde el hijyeni e\u011fitimi ald\u0131\u011f\u0131 saptand\u0131. Ara\u015ft\u0131rma g\u00f6revlilerinin %23.1\u2019inin, \u00f6\u011frencilerin %38.7\u2019sinin son bir y\u0131l i\u00e7erisinde e\u011fitim ald\u0131\u011f\u0131 tespit edildi. \u00d6\u011fretim \u00fcyelerinin hi\u00e7birinin son 5 y\u0131l i\u00e7erisinde el hijyeni e\u011fitimi almad\u0131\u011f\u0131 saptand\u0131. \u00c7al\u0131\u015fmam\u0131zda son bir y\u0131l i\u00e7erisinde e\u011fitim alanlarda bilgi d\u00fczeyi en y\u00fcksek bulundu (p=0.001). \u00d6\u011frencilerin bilgi d\u00fczeyi, ara\u015ft\u0131rma g\u00f6revlisi ve \u00f6\u011fretim \u00fcyelerinden y\u00fcksek olarak tespit edildi (p=0.01). \u00c7al\u0131\u015fmaya kat\u0131lanlar\u0131n %54.2\u2019si el hijyenine uyum oran\u0131n\u0131 orta, %23.1\u2019i iyi, %32.7\u2019si k\u00f6t\u00fc olarak de\u011ferlendirdi. Kat\u0131l\u0131mc\u0131lar taraf\u0131ndan en \u00e7ok do\u011fru bilinen bilgi \u201cher hastada eldiven de\u011fi\u015ftirilmelidir\u201diken en \u00e7ok yanl\u0131\u015f bilinen bilgi \u201celdiven giymek el hijyeni yerine ge\u00e7er\u201d olarak saptand\u0131. Kat\u0131l\u0131mc\u0131lar aras\u0131nda el hijyenine uyumsuzlu\u011fun en \u00f6nemli nedeni i\u015f yo\u011funlu\u011fu olarak belirtildi.<\/p>\n<p> <strong><br \/><\/br> Sonu\u00e7lar<\/strong>: Hastanemizde el hijyenine uyumun art\u0131r\u0131lmas\u0131na y\u00f6nelik olarak yap\u0131lan \u00e7al\u0131\u015fmalar\u0131n s\u00fcreklili\u011finin sa\u011flanmas\u0131n\u0131n ne kadar \u00f6nemli oldu\u011fu ve ayr\u0131ca e\u011fitimlerin hastanede \u00e7al\u0131\u015fan t\u00fcm personele (\u00f6zellikle de doktorlara) ula\u015ft\u0131r\u0131lmas\u0131n\u0131n gereklili\u011fi g\u00f6zlendi.<\/p>\n<p> <strong><br \/><\/br> Cite this article as<\/strong>: Aktu\u011f-Demir N, S\u00fcmer \u015e, Demir LS, Ural O. [Knowledge levels of students, trainees and faculty members about hand hygiene at a university hospital]. Klimik Derg. 2018; 31(2): 106-9. Turkish.<\/p>\n","protected":false},"excerpt":{"rendered":"<p>\u00d6zet Ama\u00e7: Bu \u00e7al\u0131\u015fman\u0131n amac\u0131 bir \u00fcniversite hastanesi \u00f6\u011frencilerinin, ara\u015ft\u0131rma g\u00f6revlilerinin ve \u00f6\u011fretim \u00fcyelerinin el hijyeni hakk\u0131nda fark\u0131ndal\u0131\u011f\u0131 ve bilgi d\u00fczeyinin de\u011ferlendirilmesidir. Y\u00f6ntemler: Bu \u00e7al\u0131\u015fma bir \u00fcniversite hastanesinde okuyan 892 \u00f6\u011frenci, fak\u00fcltemizde \u00e7al\u0131\u015fan 243 ara\u015ft\u0131rma g\u00f6revlisi ve 131 \u00f6\u011fretim \u00fcyesi olmak \u00fczere toplam 1266 ki\u015fi \u00fczerinde yap\u0131ld\u0131. Literat\u00fcr taramas\u0131 sonras\u0131nda haz\u0131rlanan anketler kat\u0131l\u0131mc\u0131lara y\u00fcz y\u00fcze [&hellip;]<\/p>\n","protected":false},"author":0,"featured_media":0,"comment_status":"","ping_status":"","sticky":false,"template":"","format":"standard","meta":{"_acf_changed":false,"footnotes":""},"categories":[5129],"tags":[4702,4543,4262],"class_list":["post-14693","post","type-post","status-publish","format-standard","hentry","category-ozgun-arastirma","tag-el-hijyeni","tag-saglik-bakimiyla-iliskili-infeksiyonlar","tag-saglik-personeli"],"acf":[],"_links":{"self":[{"href":"https:\/\/www.klimikdergisi.org\/tr\/wp-json\/wp\/v2\/posts\/14693","targetHints":{"allow":["GET"]}}],"collection":[{"href":"https:\/\/www.klimikdergisi.org\/tr\/wp-json\/wp\/v2\/posts"}],"about":[{"href":"https:\/\/www.klimikdergisi.org\/tr\/wp-json\/wp\/v2\/types\/post"}],"replies":[{"embeddable":true,"href":"https:\/\/www.klimikdergisi.org\/tr\/wp-json\/wp\/v2\/comments?post=14693"}],"version-history":[{"count":0,"href":"https:\/\/www.klimikdergisi.org\/tr\/wp-json\/wp\/v2\/posts\/14693\/revisions"}],"wp:attachment":[{"href":"https:\/\/www.klimikdergisi.org\/tr\/wp-json\/wp\/v2\/media?parent=14693"}],"wp:term":[{"taxonomy":"category","embeddable":true,"href":"https:\/\/www.klimikdergisi.org\/tr\/wp-json\/wp\/v2\/categories?post=14693"},{"taxonomy":"post_tag","embeddable":true,"href":"https:\/\/www.klimikdergisi.org\/tr\/wp-json\/wp\/v2\/tags?post=14693"}],"curies":[{"name":"wp","href":"https:\/\/api.w.org\/{rel}","templated":true}]}}