{"id":14681,"date":"2021-01-05T01:22:48","date_gmt":"2021-01-04T22:22:48","guid":{"rendered":"https:\/\/www.klimikdergisi.org\/\/2021\/01\/05\/daha-once-tedavi-gormemis-hiv-pozitif-hastalarda-kullanilan-antiretroviral-tedavi-rejimlerinin-virolojik-yanit-immunolojik-yanit-ve-istenmeyen-etkiler-acisindan-karsilastirilmasi\/"},"modified":"2021-01-05T01:22:48","modified_gmt":"2021-01-04T22:22:48","slug":"daha-once-tedavi-gormemis-hiv-pozitif-hastalarda-kullanilan-antiretroviral-tedavi-rejimlerinin-virolojik-yanit-immunolojik-yanit-ve-istenmeyen-etkiler-acisindan-karsilastirilmasi","status":"publish","type":"post","link":"https:\/\/www.klimikdergisi.org\/tr\/2021\/01\/05\/daha-once-tedavi-gormemis-hiv-pozitif-hastalarda-kullanilan-antiretroviral-tedavi-rejimlerinin-virolojik-yanit-immunolojik-yanit-ve-istenmeyen-etkiler-acisindan-karsilastirilmasi\/","title":{"rendered":"Daha \u00d6nce Tedavi G\u00f6rmemi\u015f HIV-Pozitif Hastalarda Kullan\u0131lan Antiretroviral Tedavi Rejimlerinin Virolojik Yan\u0131t, \u0130mm\u00fcnolojik Yan\u0131t ve \u0130stenmeyen Etkiler A\u00e7\u0131s\u0131ndan Kar\u015f\u0131la\u015ft\u0131r\u0131lmas\u0131"},"content":{"rendered":"<h1>\u00d6zet<\/h1>\n<p> <strong>Ama\u00e7<\/strong>: Fak\u00fcltemizde izlenen HIV-pozitif hastalar\u0131n demografik ve klinik \u00f6zelliklerinin belirlenmesi ve bu hastalara uygulanan antiretroviral tedavi (ART) rejimleri aras\u0131nda virolojik yan\u0131t, imm\u00fcnolojik yan\u0131t ve istenmeyen etkiler a\u00e7\u0131s\u0131ndan ne gibi farklar oldu\u011funun ortaya konulmas\u0131 ama\u00e7land\u0131.<\/p>\n<p> <strong><br \/><\/br> Y\u00f6ntemler<\/strong>: 2003-2015 y\u0131llar\u0131nda poliklini\u011fimizde izlenen, HIV infeksiyonu nedeniyle daha \u00f6nce herhangi bir tedavi g\u00f6rmemi\u015f ve ilk kez ba\u015flanan ART\u2019nin en az alt\u0131 ayd\u0131r d\u00fczenli olarak s\u00fcrd\u00fcr\u00fcld\u00fc\u011f\u00fc 18 ya\u015f\u0131ndan b\u00fcy\u00fck 175 hasta \u00e7al\u0131\u015fma kapsam\u0131na al\u0131nd\u0131. Bu hastalar\u0131n demografik, laboratuvar ve klinik bilgileri retrospektif olarak topland\u0131. \u00c7al\u0131\u015fma verilerinin istatistiksel analizinde IBM SPSS Statistics for Windows. Version 21.0 (Statistical Package for the Social Sciences, IBM Corp., Armonk, NY, ABD) kullan\u0131ld\u0131.<\/p>\n<p> <strong><br \/><\/br> Bulgular<\/strong>: Hastalarda en \u00e7ok kullan\u0131lan rejimler, tenofovir\/emtrisitabin (TDF\/FTC)\u2019in ritonavirle g\u00fc\u00e7lendirilmi\u015f lopinavir (LPV\/r) (n=102) ya da efavirenz (EFV) (n=39) ile kombine edildi\u011fi rejimlerdi. LPV\/r uygulananlar\u0131n aras\u0131nda daha ileri evrelerdeki hastalar a\u011f\u0131r basmaktayd\u0131; bu hastalarda e\u015flik eden f\u0131rsat\u00e7\u0131 infeksiyonlar ve profilaktik ila\u00e7 kullan\u0131m\u0131 da daha fazlayd\u0131 (p&lt;0.05). Virolojik yan\u0131t elde etme oran\u0131, EFV alan grupta %59; LPV\/r alan grupta %53.9\u2019du. Tedavinin 6. ay\u0131nda CD4+ T lenfositi say\u0131s\u0131ndaki ortalama art\u0131\u015f, LPV\/r grubunda 258\u00b1222\/\u03bcl, EFV grubunda 189\u00b1197\/\u03bcl olarak bulundu. CD4+ T lenfositi art\u0131\u015f oran\u0131 da LPV\/r alan grup lehineydi (p=0.017). EFV alanlarda ila\u00e7 dozunda atlama (p=0.211), istenmeyen klinik etki (p=0.276) ve tedavi de\u011fi\u015fikli\u011fi (p=0.044) daha fazla g\u00f6r\u00fcld\u00fc. Kolesterol art\u0131\u015f\u0131, d\u00fc\u015f\u00fck yo\u011funluklu lipoprotein (LDL) art\u0131\u015f\u0131 ve y\u00fcksek yo\u011funluklu lipoprotein (HDL) d\u00fc\u015f\u00fc\u015f\u00fc, LPV\/r alanlarda daha fazla izlendi. Trigliserid art\u0131\u015f\u0131, EFV kullananlardaki %30.4\u2019e kar\u015f\u0131l\u0131k, LPV\/r kullananlar\u0131n %68.3\u2019\u00fcnde izlendi (p=0.005). Hastalar\u0131n 5 (%2.9)\u2019inde mortalite izlendi.<\/p>\n<p> <strong><br \/><\/br> Sonu\u00e7lar<\/strong>: Virolojik yan\u0131t elde edilmesi a\u00e7\u0131s\u0131ndan TDF\/FTC+LPV\/r ve TDF\/FTC+EFV rejimleri alan hastalar aras\u0131nda bir fark bulunmam\u0131\u015f; buna kar\u015f\u0131l\u0131k LPV\/r alan grupta daha iyi bir imm\u00fcnolojik yan\u0131t elde edilmi\u015ftir. EFV alan hastalarda daha s\u0131k tedavi de\u011fi\u015fikli\u011fine gidilmesi, LPV\/r alanlarda trigliserid art\u0131\u015f\u0131n\u0131n daha fazla g\u00f6r\u00fclmesi dikkati \u00e7ekmi\u015ftir.\u00a0<\/p>\n<p> <strong><br \/><\/br> Cite this article as<\/strong>: Benli A, Ba\u015faran S, \u015eim\u015fek-Yavuz S, \u00c7a\u011fatay A, \u00d6nc\u00fcl O, \u00d6zs\u00fct H, Eraksoy H. [Comparison of antiretroviral therapy regimens in terms of virological response, immunological response and adverse effects in treatment-naive HIV-positive patients]. Klimik Derg. 2018; 31(2): 94-100. Turkish.<\/p>\n","protected":false},"excerpt":{"rendered":"<p>\u00d6zet Ama\u00e7: Fak\u00fcltemizde izlenen HIV-pozitif hastalar\u0131n demografik ve klinik \u00f6zelliklerinin belirlenmesi ve bu hastalara uygulanan antiretroviral tedavi (ART) rejimleri aras\u0131nda virolojik yan\u0131t, imm\u00fcnolojik yan\u0131t ve istenmeyen etkiler a\u00e7\u0131s\u0131ndan ne gibi farklar oldu\u011funun ortaya konulmas\u0131 ama\u00e7land\u0131. Y\u00f6ntemler: 2003-2015 y\u0131llar\u0131nda poliklini\u011fimizde izlenen, HIV infeksiyonu nedeniyle daha \u00f6nce herhangi bir tedavi g\u00f6rmemi\u015f ve ilk kez ba\u015flanan ART\u2019nin en [&hellip;]<\/p>\n","protected":false},"author":0,"featured_media":0,"comment_status":"","ping_status":"","sticky":false,"template":"","format":"standard","meta":{"_acf_changed":false,"footnotes":""},"categories":[5129],"tags":[4758,3228,4762,4760,3837],"class_list":["post-14681","post","type-post","status-publish","format-standard","hentry","category-ozgun-arastirma","tag-antiretroviral-ajanlar","tag-hiv","tag-ilacla-iliskili-yan-etkiler-ve-istenmeyen-reaksiyonlar","tag-immunolojik-yanit","tag-virolojik-yanit"],"acf":[],"_links":{"self":[{"href":"https:\/\/www.klimikdergisi.org\/tr\/wp-json\/wp\/v2\/posts\/14681","targetHints":{"allow":["GET"]}}],"collection":[{"href":"https:\/\/www.klimikdergisi.org\/tr\/wp-json\/wp\/v2\/posts"}],"about":[{"href":"https:\/\/www.klimikdergisi.org\/tr\/wp-json\/wp\/v2\/types\/post"}],"replies":[{"embeddable":true,"href":"https:\/\/www.klimikdergisi.org\/tr\/wp-json\/wp\/v2\/comments?post=14681"}],"version-history":[{"count":0,"href":"https:\/\/www.klimikdergisi.org\/tr\/wp-json\/wp\/v2\/posts\/14681\/revisions"}],"wp:attachment":[{"href":"https:\/\/www.klimikdergisi.org\/tr\/wp-json\/wp\/v2\/media?parent=14681"}],"wp:term":[{"taxonomy":"category","embeddable":true,"href":"https:\/\/www.klimikdergisi.org\/tr\/wp-json\/wp\/v2\/categories?post=14681"},{"taxonomy":"post_tag","embeddable":true,"href":"https:\/\/www.klimikdergisi.org\/tr\/wp-json\/wp\/v2\/tags?post=14681"}],"curies":[{"name":"wp","href":"https:\/\/api.w.org\/{rel}","templated":true}]}}