{"id":14675,"date":"2021-01-05T01:22:47","date_gmt":"2021-01-04T22:22:47","guid":{"rendered":"https:\/\/www.klimikdergisi.org\/\/2021\/01\/05\/ikinci-basamak-saglik-kurulusunda-saglik-personeli-arasinda-kesici-ve-delici-alet-yaralanmalari-sikligi-ve-iliskili-risk-faktorleri\/"},"modified":"2021-01-05T01:22:47","modified_gmt":"2021-01-04T22:22:47","slug":"ikinci-basamak-saglik-kurulusunda-saglik-personeli-arasinda-kesici-ve-delici-alet-yaralanmalari-sikligi-ve-iliskili-risk-faktorleri","status":"publish","type":"post","link":"https:\/\/www.klimikdergisi.org\/tr\/2021\/01\/05\/ikinci-basamak-saglik-kurulusunda-saglik-personeli-arasinda-kesici-ve-delici-alet-yaralanmalari-sikligi-ve-iliskili-risk-faktorleri\/","title":{"rendered":"\u0130kinci Basamak Sa\u011fl\u0131k Kurulu\u015funda Sa\u011fl\u0131k Personeli Aras\u0131nda Kesici ve Delici Alet Yaralanmalar\u0131 S\u0131kl\u0131\u011f\u0131 ve \u0130li\u015fkili Risk Fakt\u00f6rleri"},"content":{"rendered":"<h1>\u00d6zet<\/h1>\n<p> <strong>Ama\u00e7<\/strong>: Bu \u00e7al\u0131\u015fmada bir ikinci basamak sa\u011fl\u0131k kurulu\u015fundaki kesici ve delici alet yaralanmas\u0131 (KDAY) s\u0131kl\u0131\u011f\u0131n\u0131, yaralanma t\u00fcrlerini, bunu etkileyen risk fakt\u00f6rlerini ve personelin bu konudaki bilgi ve tutumlar\u0131n\u0131 de\u011ferlendirmek ama\u00e7lanm\u0131\u015ft\u0131r.<\/p>\n<p> <strong><br \/><\/br> Y\u00f6ntemler<\/strong>: Bu ara\u015ft\u0131rma 1-15 Haziran 2016 tarihleri aras\u0131nda uygulanan bir anket \u00e7al\u0131\u015fmas\u0131 olarak tasarlanm\u0131\u015ft\u0131r. Ara\u015ft\u0131rma i\u00e7in y\u00fcz y\u00fcze g\u00f6r\u00fc\u015fmeyle ara\u015ft\u0131rmac\u0131lar taraf\u0131ndan haz\u0131rlanan anket formu kullan\u0131lm\u0131\u015ft\u0131r. Anket formunda sosyodemografik bilgiler, viral seroloji sonu\u00e7lar\u0131, mesleki yaralanmayla ilgili bilgi ve tutumlar\u0131n\u0131 i\u00e7eren toplam 21 soru yer alm\u0131\u015ft\u0131r. Ara\u015ft\u0131rman\u0131n verileri IBM SPSS Statistics for Windows. Version 22.0 (Statistical Package for the Social Sciences, IBM Corp., Armonk, NY, ABD) istatistik program\u0131na aktar\u0131larak, istatistiksel a\u00e7\u0131dan p<0.05 anlaml\u0131=\"anlaml\u0131\" d\u00fczeyi=\"d\u00fczeyi\" edilmi\u015ftir.=\"edilmi\u015ftir.\" kabul=\"kabul\" olarak=\"olarak\"><\/0.05><\/p>\n<p> <strong><br \/><\/br> Bulgular<\/strong>: \u00c7al\u0131\u015fmaya 97 personel kat\u0131lm\u0131\u015f olup, kat\u0131l\u0131m oran\u0131 %64.67 olarak hesapland\u0131. Kat\u0131l\u0131mc\u0131lar\u0131n 67 (%69.1)\u2019si kad\u0131n olup, ya\u015f ortalamas\u0131 39.4\u00b15.07 y\u0131l, hizmet s\u00fcresi ortalamas\u0131 17.6\u00b16.48 y\u0131l olarak hesapland\u0131. KDAY ya\u015fayan kat\u0131l\u0131mc\u0131 oran\u0131 %53.6 olup, 108 yaralanman\u0131n %86.1\u2019inin injekt\u00f6r kaynakl\u0131 oldu\u011fu g\u00f6zlendi. Yaray\u0131 y\u0131kamak ve kendisine bula\u015fmas\u0131 olas\u0131 etkenlere y\u00f6nelik testleri yapt\u0131rmak en s\u0131k tercih edilen tutumlard\u0131. KDAY\u2019n\u0131n bildirim oran\u0131 %68 saptand\u0131. \u00c7al\u0131\u015fmaya dahil olan personelin %78.4\u2019\u00fc mesleki yaralanmalar konusunda e\u011fitim ald\u0131\u011f\u0131n\u0131 belirtti. Kat\u0131l\u0131mc\u0131lar\u0131n %62.9\u2019u anti-HBs sonucunu bilmekteydi. Son iki y\u0131l i\u00e7inde KDAY ya\u015fama durumuyla ili\u015fkili fakt\u00f6rler de\u011ferlendirildi\u011finde ya\u015f (p=0.036) ve KDAY ile ilgili e\u011fitim alma durumu (p=0.009) aras\u0131nda anlaml\u0131 fark saptand\u0131.<\/p>\n<p> <strong><br \/><\/br> Sonu\u00e7lar<\/strong>: Personelin g\u00fcncel bilgi eksikliklerinin h\u0131zla giderilmesi, bilgilerin davran\u0131\u015fa d\u00f6n\u00fc\u015ft\u00fcr\u00fclmesi i\u00e7in \u00f6nlemler al\u0131nmas\u0131 gerekmektedir.\u00a0<\/p>\n<p> <strong><br \/><\/br> Cite this article as<\/strong>: Karacaer Z, Dikta\u015f H, Tosun S. [Prevalence of sharps injuries and associated factors among health care workers in a second-level\u00a0 hospital]. Klimik Derg. 2018; 31(2): 88-93. Turkish.<\/p>\n","protected":false},"excerpt":{"rendered":"<p>\u00d6zet Ama\u00e7: Bu \u00e7al\u0131\u015fmada bir ikinci basamak sa\u011fl\u0131k kurulu\u015fundaki kesici ve delici alet yaralanmas\u0131 (KDAY) s\u0131kl\u0131\u011f\u0131n\u0131, yaralanma t\u00fcrlerini, bunu etkileyen risk fakt\u00f6rlerini ve personelin bu konudaki bilgi ve tutumlar\u0131n\u0131 de\u011ferlendirmek ama\u00e7lanm\u0131\u015ft\u0131r. Y\u00f6ntemler: Bu ara\u015ft\u0131rma 1-15 Haziran 2016 tarihleri aras\u0131nda uygulanan bir anket \u00e7al\u0131\u015fmas\u0131 olarak tasarlanm\u0131\u015ft\u0131r. Ara\u015ft\u0131rma i\u00e7in y\u00fcz y\u00fcze g\u00f6r\u00fc\u015fmeyle ara\u015ft\u0131rmac\u0131lar taraf\u0131ndan haz\u0131rlanan anket formu [&hellip;]<\/p>\n","protected":false},"author":0,"featured_media":0,"comment_status":"","ping_status":"","sticky":false,"template":"","format":"standard","meta":{"_acf_changed":false,"footnotes":""},"categories":[5129],"tags":[4410,4764,3474,4262],"class_list":["post-14675","post","type-post","status-publish","format-standard","hentry","category-ozgun-arastirma","tag-kesici-ve-delici-alet-yaralanmalari","tag-mesleki-yaralanmalar","tag-risk-faktorleri","tag-saglik-personeli"],"acf":[],"_links":{"self":[{"href":"https:\/\/www.klimikdergisi.org\/tr\/wp-json\/wp\/v2\/posts\/14675","targetHints":{"allow":["GET"]}}],"collection":[{"href":"https:\/\/www.klimikdergisi.org\/tr\/wp-json\/wp\/v2\/posts"}],"about":[{"href":"https:\/\/www.klimikdergisi.org\/tr\/wp-json\/wp\/v2\/types\/post"}],"replies":[{"embeddable":true,"href":"https:\/\/www.klimikdergisi.org\/tr\/wp-json\/wp\/v2\/comments?post=14675"}],"version-history":[{"count":0,"href":"https:\/\/www.klimikdergisi.org\/tr\/wp-json\/wp\/v2\/posts\/14675\/revisions"}],"wp:attachment":[{"href":"https:\/\/www.klimikdergisi.org\/tr\/wp-json\/wp\/v2\/media?parent=14675"}],"wp:term":[{"taxonomy":"category","embeddable":true,"href":"https:\/\/www.klimikdergisi.org\/tr\/wp-json\/wp\/v2\/categories?post=14675"},{"taxonomy":"post_tag","embeddable":true,"href":"https:\/\/www.klimikdergisi.org\/tr\/wp-json\/wp\/v2\/tags?post=14675"}],"curies":[{"name":"wp","href":"https:\/\/api.w.org\/{rel}","templated":true}]}}