{"id":14579,"date":"2021-01-05T01:22:41","date_gmt":"2021-01-04T22:22:41","guid":{"rendered":"https:\/\/www.klimikdergisi.org\/\/2021\/01\/05\/bir-egitim-ve-arastirma-hastanesinde-kesici-ve-delici-alet-yaralanmalarinin-degerlendirilmesi\/"},"modified":"2021-01-05T01:22:41","modified_gmt":"2021-01-04T22:22:41","slug":"bir-egitim-ve-arastirma-hastanesinde-kesici-ve-delici-alet-yaralanmalarinin-degerlendirilmesi","status":"publish","type":"post","link":"https:\/\/www.klimikdergisi.org\/tr\/2021\/01\/05\/bir-egitim-ve-arastirma-hastanesinde-kesici-ve-delici-alet-yaralanmalarinin-degerlendirilmesi\/","title":{"rendered":"Bir E\u011fitim ve Ara\u015ft\u0131rma Hastanesinde Kesici ve Delici Alet Yaralanmalar\u0131n\u0131n De\u011ferlendirilmesi"},"content":{"rendered":"<h1>\u00d6zet<\/h1>\n<p> <strong>Ama\u00e7<\/strong>: Bu \u00e7al\u0131\u015fmada bir e\u011fitim ve ara\u015ft\u0131rma hastanesindeki kesici ve delici alet yaralanmalar\u0131 retrospektif olarak incelenmi\u015f ve mevcut durumun tespit edilip konu hakk\u0131nda sonu\u00e7 ve \u00f6nerilere ula\u015f\u0131lmas\u0131 ama\u00e7lanm\u0131\u015ft\u0131r.<\/p>\n<p> <strong>Y\u00f6ntemler<\/strong>: Veriler, ilgili tarihlerde kesici ve delici alet yaralanmas\u0131na maruz kalm\u0131\u015f ve infeksiyon kontrol komitesi birimine ba\u015fvurmu\u015f olan 124 sa\u011fl\u0131k \u00e7al\u0131\u015fan\u0131n\u0131n 18 adet soru i\u00e7eren bildirim formlar\u0131ndan elde edilmi\u015ftir. T\u00fcm verilerin istatistiksel analizi yap\u0131lm\u0131\u015f ve p de\u011feri &lt;0.05 olanlar anlaml\u0131 kabul edilmi\u015ftir.<\/p>\n<p> <strong>Bulgular<\/strong>: Yaralanmaya maruz kalan \u00e7al\u0131\u015fanlar\u0131n %63.7\u2019sinin &lt;30 ya\u015f oldu\u011fu, ya\u015f ortalamas\u0131n\u0131n 27.9 oldu\u011fu bulunmu\u015ftur. \u0130lgili ya\u015f gruplar\u0131yla yaralanma say\u0131s\u0131 aras\u0131nda istatistiksel olarak anlaml\u0131 bir ili\u015fkinin oldu\u011fu tespit edilmi\u015ftir. 16-30 ya\u015f grubunda yaralanmalar daha \u00e7ok klinik servis, acil servis ve kan alma birimlerinde ger\u00e7ekle\u015firken; &gt;30 ya\u015f grubunda yaralanmalar daha \u00e7ok klinik servis ve ameliyathanelerde ger\u00e7ekle\u015fmi\u015ftir. \u00c7al\u0131\u015fmam\u0131zda yaralanmalar\u0131n daha \u00e7ok el b\u00f6lgesinde oldu\u011fu ve yaralanmaya en s\u0131k neden olan aletin %91.1 oran\u0131nda i\u011fne ucu oldu\u011fu bulunmu\u015ftur.<\/p>\n<p> <strong>Sonu\u00e7lar<\/strong>: Kesici ve delici alet yaralanmalar\u0131n\u0131 \u00f6nlemenin ilk yolu konu hakk\u0131ndaki bildirimlerin iyi takibi ve etkin \u00e7al\u0131\u015fan g\u00fcvenli\u011fi politikalar\u0131n\u0131n geli\u015ftirilmesidir. Ayr\u0131ca \u00fcniversal \u00f6nlemlerin al\u0131nmas\u0131, e\u011fitimlerin d\u00fczenli aral\u0131klarla verilmesi, personel i\u015f y\u00fck\u00fcn\u00fcn azalt\u0131lmas\u0131, g\u00fcvenli ve kullan\u0131\u015fl\u0131 malzeme temini, yaralanmalar\u0131 \u00f6nleyecek \u00f6neriler olabilir. Klimik Dergisi 2018; 31(3): 200-4.<\/p>\n<p> <strong>Cite this article as<\/strong>: Dizili-Yelgin C, \u00c7\u0131kman A, Karake\u00e7ili F, G\u00fclhan B, Ayd\u0131n M. [Evaluation of sharps injuries in a training and research hospital]. Klimik Derg. 2018; 31(3): 200-4. Turkish.<\/p>\n","protected":false},"excerpt":{"rendered":"<p>\u00d6zet Ama\u00e7: Bu \u00e7al\u0131\u015fmada bir e\u011fitim ve ara\u015ft\u0131rma hastanesindeki kesici ve delici alet yaralanmalar\u0131 retrospektif olarak incelenmi\u015f ve mevcut durumun tespit edilip konu hakk\u0131nda sonu\u00e7 ve \u00f6nerilere ula\u015f\u0131lmas\u0131 ama\u00e7lanm\u0131\u015ft\u0131r. Y\u00f6ntemler: Veriler, ilgili tarihlerde kesici ve delici alet yaralanmas\u0131na maruz kalm\u0131\u015f ve infeksiyon kontrol komitesi birimine ba\u015fvurmu\u015f olan 124 sa\u011fl\u0131k \u00e7al\u0131\u015fan\u0131n\u0131n 18 adet soru i\u00e7eren bildirim [&hellip;]<\/p>\n","protected":false},"author":0,"featured_media":0,"comment_status":"","ping_status":"","sticky":false,"template":"","format":"standard","meta":{"_acf_changed":false,"footnotes":""},"categories":[5129],"tags":[4804,4410,4806,4262],"class_list":["post-14579","post","type-post","status-publish","format-standard","hentry","category-ozgun-arastirma","tag-is-sagligi","tag-kesici-ve-delici-alet-yaralanmalari","tag-mesleki-temas","tag-saglik-personeli"],"acf":[],"_links":{"self":[{"href":"https:\/\/www.klimikdergisi.org\/tr\/wp-json\/wp\/v2\/posts\/14579","targetHints":{"allow":["GET"]}}],"collection":[{"href":"https:\/\/www.klimikdergisi.org\/tr\/wp-json\/wp\/v2\/posts"}],"about":[{"href":"https:\/\/www.klimikdergisi.org\/tr\/wp-json\/wp\/v2\/types\/post"}],"replies":[{"embeddable":true,"href":"https:\/\/www.klimikdergisi.org\/tr\/wp-json\/wp\/v2\/comments?post=14579"}],"version-history":[{"count":0,"href":"https:\/\/www.klimikdergisi.org\/tr\/wp-json\/wp\/v2\/posts\/14579\/revisions"}],"wp:attachment":[{"href":"https:\/\/www.klimikdergisi.org\/tr\/wp-json\/wp\/v2\/media?parent=14579"}],"wp:term":[{"taxonomy":"category","embeddable":true,"href":"https:\/\/www.klimikdergisi.org\/tr\/wp-json\/wp\/v2\/categories?post=14579"},{"taxonomy":"post_tag","embeddable":true,"href":"https:\/\/www.klimikdergisi.org\/tr\/wp-json\/wp\/v2\/tags?post=14579"}],"curies":[{"name":"wp","href":"https:\/\/api.w.org\/{rel}","templated":true}]}}