{"id":14573,"date":"2021-01-05T01:22:40","date_gmt":"2021-01-04T22:22:40","guid":{"rendered":"https:\/\/www.klimikdergisi.org\/\/2021\/01\/05\/kirim-kongo-kanamali-atesi-hastalarinda-arteria-carotis-communis-a-carotis-interna-ve-a-vertebralis-doppler-ultrasonografisi-bulgulari\/"},"modified":"2021-01-05T01:22:40","modified_gmt":"2021-01-04T22:22:40","slug":"kirim-kongo-kanamali-atesi-hastalarinda-arteria-carotis-communis-a-carotis-interna-ve-a-vertebralis-doppler-ultrasonografisi-bulgulari","status":"publish","type":"post","link":"https:\/\/www.klimikdergisi.org\/tr\/2021\/01\/05\/kirim-kongo-kanamali-atesi-hastalarinda-arteria-carotis-communis-a-carotis-interna-ve-a-vertebralis-doppler-ultrasonografisi-bulgulari\/","title":{"rendered":"K\u0131r\u0131m-Kongo Kanamal\u0131 Ate\u015fi Hastalar\u0131nda Arteria Carotis Communis, A. Carotis Interna ve A. Vertebralis Doppler Ultrasonografisi Bulgular\u0131"},"content":{"rendered":"<h1>\u00d6zet<\/h1>\n<p> <span lang=\"EN-US\"><strong>Ama\u00e7<\/strong>: Bu \u00e7al\u0131\u015fman\u0131n amac\u0131, K\u0131r\u0131m-Kongo kanamal\u0131 ate\u015fi (KKKA) hastalar\u0131nda arteria carotis communis, a. carotis interna ve a. vertebralis Doppler ultrasonografisi (US) sonu\u00e7lar\u0131n\u0131 sa\u011fl\u0131kl\u0131 bireylerinkilerle kar\u015f\u0131la\u015ft\u0131rmak ve radyolojik bulgular\u0131n erken d\u00f6nemde hastal\u0131k \u015fiddetini \u00f6ng\u00f6rmedeki de\u011ferini ara\u015ft\u0131rmakt\u0131r.<\/p>\n<p> \u00a0<\/p>\n<p> <span lang=\"EN-US\"><strong>Y\u00f6ntemler<\/strong>: Prospektif olarak Mart 2016-Eyl\u00fcl 2017 tarihleri aras\u0131nda KKKA tan\u0131s\u0131 konan hastalara ve sa\u011fl\u0131kl\u0131 kontrol grubuna a. carotis communis, a. carotis interna ve a. vertebralis Doppler US yap\u0131ld\u0131. Hastalar, hastal\u0131k \u015fiddeti bak\u0131m\u0131ndan Bak\u0131r ve arkada\u015flar\u0131n\u0131n skorlama sistemine g\u00f6re hafif-orta ve a\u011f\u0131r seyirli olgular olarak grupland\u0131r\u0131ld\u0131. Hasta ve sa\u011fl\u0131kl\u0131 kontrol gruplar\u0131nda bilateral olarak\u00a0 a. carotis communis, a. carotis interna, a. vertebralis\u2019te pik sistolik ve diyastolik ak\u0131m h\u0131zlar\u0131yla birlikte rezistif indeks ve pulsatilite indeksi de\u011ferleri \u00f6l\u00e7\u00fcld\u00fc. Bilateral olarak a. carotis interna ve a. vertebralis\u2019te ak\u0131m hacimleri de kaydedildi. <\/p>\n<p> \u00a0<\/p>\n<p> <span lang=\"EN-US\"><strong>Bulgular<\/strong>: KKKA tan\u0131s\u0131 konan 35 hastan\u0131n 14\u2019\u00fc erkek, 21\u2019i kad\u0131nd\u0131. Ortalama ya\u015f 52 olarak bulundu. Yap\u0131lan skorlamayla hastalar\u0131n 7\u2019si a\u011f\u0131r, 28\u2019i ise hafif-orta seyirli olgu olarak de\u011ferlendirildi. Kontrol grubu 27 sa\u011fl\u0131kl\u0131 g\u00f6n\u00fcll\u00fcden olu\u015ftu.\u00a0 Doppler US\u2019de bilateral olarak a. vertebralis pik sistolik ve diyastol sonu ak\u0131m h\u0131zlar\u0131, hasta grubunda kontrol grubuna g\u00f6re anlaml\u0131 olarak y\u00fcksek bulundu (p&lt;0.05). Hasta grubunun bilateral olarak a. carotis interna ve a. vertebralis ak\u0131m hacimleri, kontrol grubuna g\u00f6re anlaml\u0131 olarak y\u00fcksek bulundu (p=0.032). Ak\u0131m hacmi, hafif-orta seyirli olgularda 1.11 lt\/dakika iken, a\u011f\u0131r seyirli olgularda iki kat y\u00fcksek (2.23 lt\/dakika) olarak bulundu. <\/p>\n<p> \u00a0<\/p>\n<p> <span lang=\"EN-US\"><strong>Sonu\u00e7lar<\/strong>: KKKA\u2019n\u0131n erken d\u00f6nemde tan\u0131narak destek tedavisinin ba\u015flanmas\u0131 ve hastal\u0131k \u015fiddetinin \u00f6nceden \u00f6ng\u00f6r\u00fclmesi, al\u0131nacak tedbirler a\u00e7\u0131s\u0131ndan olduk\u00e7a \u00f6nemlidir. \u00c7al\u0131\u015fmam\u0131zda tespit etti\u011fimiz noninvazif radyolojik bulgular\u0131n, KKKA\u2019n\u0131n erken d\u00f6neminde, hastal\u0131\u011f\u0131n klinik seyri ve \u015fiddetini tahmin etmeye katk\u0131 sa\u011flayabilece\u011fi kanaatindeyiz. Klimik Dergisi 2018; 31(3): 195-9.<\/p>\n<p> <span lang=\"EN-US\"><o:p>\u00a0<\/o:p><\/p>\n<p> <span lang=\"EN-US\"><strong>Cite this article as<\/strong>: Karava\u015f E, Karake\u00e7ili F. [Common carotid, internal carotid and vertebral artery Doppler ultrasonography findings in patients with Crimean-Congo haemorrhagic fever]. Klimik Derg. 2018; 31(3): 195-9. Turkish.<\/p>\n","protected":false},"excerpt":{"rendered":"<p>\u00d6zet Ama\u00e7: Bu \u00e7al\u0131\u015fman\u0131n amac\u0131, K\u0131r\u0131m-Kongo kanamal\u0131 ate\u015fi (KKKA) hastalar\u0131nda arteria carotis communis, a. carotis interna ve a. vertebralis Doppler ultrasonografisi (US) sonu\u00e7lar\u0131n\u0131 sa\u011fl\u0131kl\u0131 bireylerinkilerle kar\u015f\u0131la\u015ft\u0131rmak ve radyolojik bulgular\u0131n erken d\u00f6nemde hastal\u0131k \u015fiddetini \u00f6ng\u00f6rmedeki de\u011ferini ara\u015ft\u0131rmakt\u0131r. \u00a0 Y\u00f6ntemler: Prospektif olarak Mart 2016-Eyl\u00fcl 2017 tarihleri aras\u0131nda KKKA tan\u0131s\u0131 konan hastalara ve sa\u011fl\u0131kl\u0131 kontrol grubuna a. carotis [&hellip;]<\/p>\n","protected":false},"author":0,"featured_media":0,"comment_status":"","ping_status":"","sticky":false,"template":"","format":"standard","meta":{"_acf_changed":false,"footnotes":""},"categories":[5129],"tags":[4807,4013],"class_list":["post-14573","post","type-post","status-publish","format-standard","hentry","category-ozgun-arastirma","tag-doppler-ultrasonografisi","tag-kirimkongo-kanamali-atesi-virusu"],"acf":[],"_links":{"self":[{"href":"https:\/\/www.klimikdergisi.org\/tr\/wp-json\/wp\/v2\/posts\/14573","targetHints":{"allow":["GET"]}}],"collection":[{"href":"https:\/\/www.klimikdergisi.org\/tr\/wp-json\/wp\/v2\/posts"}],"about":[{"href":"https:\/\/www.klimikdergisi.org\/tr\/wp-json\/wp\/v2\/types\/post"}],"replies":[{"embeddable":true,"href":"https:\/\/www.klimikdergisi.org\/tr\/wp-json\/wp\/v2\/comments?post=14573"}],"version-history":[{"count":0,"href":"https:\/\/www.klimikdergisi.org\/tr\/wp-json\/wp\/v2\/posts\/14573\/revisions"}],"wp:attachment":[{"href":"https:\/\/www.klimikdergisi.org\/tr\/wp-json\/wp\/v2\/media?parent=14573"}],"wp:term":[{"taxonomy":"category","embeddable":true,"href":"https:\/\/www.klimikdergisi.org\/tr\/wp-json\/wp\/v2\/categories?post=14573"},{"taxonomy":"post_tag","embeddable":true,"href":"https:\/\/www.klimikdergisi.org\/tr\/wp-json\/wp\/v2\/tags?post=14573"}],"curies":[{"name":"wp","href":"https:\/\/api.w.org\/{rel}","templated":true}]}}