{"id":14567,"date":"2021-01-05T01:22:40","date_gmt":"2021-01-04T22:22:40","guid":{"rendered":"https:\/\/www.klimikdergisi.org\/\/2021\/01\/05\/intravenoz-madde-bagimlisi-genclerde-hepatit-c-virusu-hcv-infeksiyonu-sosyodemografik-degerlendirme-ve-hcv-genotip-analizi\/"},"modified":"2021-01-05T01:22:40","modified_gmt":"2021-01-04T22:22:40","slug":"intravenoz-madde-bagimlisi-genclerde-hepatit-c-virusu-hcv-infeksiyonu-sosyodemografik-degerlendirme-ve-hcv-genotip-analizi","status":"publish","type":"post","link":"https:\/\/www.klimikdergisi.org\/tr\/2021\/01\/05\/intravenoz-madde-bagimlisi-genclerde-hepatit-c-virusu-hcv-infeksiyonu-sosyodemografik-degerlendirme-ve-hcv-genotip-analizi\/","title":{"rendered":"\u0130ntraven\u00f6z Madde Ba\u011f\u0131ml\u0131s\u0131 Gen\u00e7lerde Hepatit C Virusu (HCV) \u0130nfeksiyonu: Sosyodemografik De\u011ferlendirme ve HCV Genotip Analizi"},"content":{"rendered":"<h1>\u00d6zet<\/h1>\n<p> <strong>Ama\u00e7<\/strong>: \u0130ntraven\u00f6z (\u0130V) madde ba\u011f\u0131ml\u0131l\u0131\u011f\u0131 ergen ve gen\u00e7 eri\u015fkinlerde giderek yayg\u0131nla\u015fan bir hepatit C virusu (HCV) bula\u015fma yoludur. Bu yaz\u0131da bir gastroenteroloji klini\u011fine y\u00f6nlendirilen \u0130V madde ba\u011f\u0131ml\u0131s\u0131 ergen ve gen\u00e7 eri\u015fkin hastalar\u0131n baz\u0131 demografik verilerini, tedaviye uyum ve cevaplar\u0131n\u0131 ve HCV genotip analizlerini sunmay\u0131 ama\u00e7lad\u0131k.<\/p>\n<p> <strong>Y\u00f6ntemler<\/strong>: Ara\u015ft\u0131rmam\u0131zda HCV infeksiyonu nedeniyle y\u00f6nlendirilmi\u015f olan \u0130V madde ba\u011f\u0131ml\u0131s\u0131 ergen ve gen\u00e7 eri\u015fkin (17-30 ya\u015f) 36 hasta yer ald\u0131. Yirmi bir hasta cezaevindeydi ve HCV infeksiyonu cezaevinde yap\u0131lan taramalar s\u0131ras\u0131nda saptanm\u0131\u015ft\u0131. Hastalar\u0131n sosyodemografik verileri ve hemogram, alanin aminotransferaz, aspartat aminotransferaz, HCV genotipi ve HCV RNA d\u00fczeyi gibi laboratuvar bulgular\u0131 retrospektif olarak de\u011ferlendirildi. Hastalar\u0131n tedaviye uyum ve yan\u0131tlar\u0131 hakk\u0131nda bilgi hasta dosyalar\u0131ndan elde edildi. Cezaevinde bulunan hastalar\u0131n tedavi s\u00fcrecinde cezaevi hekimleriyle temasa ge\u00e7ilip tedaviye ula\u015f\u0131p ula\u015famad\u0131klar\u0131 2 haftada bir yap\u0131lan kontrollerle sorguland\u0131. Hastalar 17-24 ya\u015f ve 25-30 ya\u015f olmak \u00fczere iki gruba ayr\u0131ld\u0131 ve ya\u015f gruplar\u0131 HCV genotipi ve HCV RNA d\u00fczeyleri a\u00e7\u0131s\u0131ndan kar\u015f\u0131la\u015ft\u0131r\u0131ld\u0131.<\/p>\n<p> <strong>Bulgular<\/strong>: Hastalar\u0131n 35 (%97)\u2019i erkekti. Ortalama ya\u015f 24.5\u00b13.6 idi. Hastalar\u0131n 22 (%61.1)\u2019sinde HCV genotip 1a, 12 (%33.3)\u2019sinde HCV genotip 3 ve 2 (%5.6)\u2019sinde HCV genotip 2 infeksiyonu vard\u0131. 17-24 ve 25-30 ya\u015f gruplar\u0131 aras\u0131nda HCV genotipi ve HCV RNA d\u00fczeyleri a\u00e7\u0131s\u0131ndan istatistiksel olarak anlaml\u0131 fark saptanmad\u0131. HCV genotip 1a ve genotip 3 ile infekte hastalar\u0131n tedavi \u00f6ncesi HCV RNA d\u00fczeyleri de benzerdi. Bir hastaya oral antiviral, di\u011fer hastalara pegile interferon + ribavirin verilmi\u015fti. Tedavi sonunda HCV RNA hastalar\u0131n 17 (%47)\u2019sinde negatifle\u015fmi\u015fti. On iki (%33) hastada tedaviye yan\u0131t al\u0131namam\u0131\u015ft\u0131. Yedi (%20) hastada tedaviye uyum sorunu ve\/veya tedaviyi reddetme sorunu geli\u015fmi\u015fti. Oral antiviral tedavi verilen hastada tedavi uyumunda problem g\u00f6zlenmemi\u015fti ve tedaviden sonra HCV RNA negatifle\u015fmi\u015fti.<\/p>\n<p> <strong>Sonu\u00e7lar<\/strong>: \u0130V madde ba\u011f\u0131ml\u0131l\u0131\u011f\u0131 olan gen\u00e7lerde HCV infeksiyonu tarama, takip ve tedavilerinin d\u00fczenli yap\u0131lmas\u0131 \u00f6nemlidir. \u00d6zellikle cezaevinde bulunan gen\u00e7ler bu konuda daha dikkatli de\u011ferlendirilmelidir. Ara\u015ft\u0131rmam\u0131zda \u0130V madde ba\u011f\u0131ml\u0131l\u0131\u011f\u0131 olan ve HCV infeksiyonu saptanan gen\u00e7lerde en s\u0131k HCV genotip 1a oldu\u011fu tespit edilmi\u015ftir. Klimik Dergisi 2018; 31(3): 190-4.<\/p>\n<p> <strong>Cite this article as<\/strong>: Yetim A, \u015eahin M. [Hepatitis C virus (HCV) infection in youth with illicit drug use: sociodemographic evaluation and HCV genotype analysis]. Klimik Derg. 2018; 31(3): 190-4. Turkish.<\/p>\n","protected":false},"excerpt":{"rendered":"<p>\u00d6zet Ama\u00e7: \u0130ntraven\u00f6z (\u0130V) madde ba\u011f\u0131ml\u0131l\u0131\u011f\u0131 ergen ve gen\u00e7 eri\u015fkinlerde giderek yayg\u0131nla\u015fan bir hepatit C virusu (HCV) bula\u015fma yoludur. Bu yaz\u0131da bir gastroenteroloji klini\u011fine y\u00f6nlendirilen \u0130V madde ba\u011f\u0131ml\u0131s\u0131 ergen ve gen\u00e7 eri\u015fkin hastalar\u0131n baz\u0131 demografik verilerini, tedaviye uyum ve cevaplar\u0131n\u0131 ve HCV genotip analizlerini sunmay\u0131 ama\u00e7lad\u0131k. Y\u00f6ntemler: Ara\u015ft\u0131rmam\u0131zda HCV infeksiyonu nedeniyle y\u00f6nlendirilmi\u015f olan \u0130V madde [&hellip;]<\/p>\n","protected":false},"author":0,"featured_media":0,"comment_status":"","ping_status":"","sticky":false,"template":"","format":"standard","meta":{"_acf_changed":false,"footnotes":""},"categories":[5129],"tags":[4809,4811,4611,4813],"class_list":["post-14567","post","type-post","status-publish","format-standard","hentry","category-ozgun-arastirma","tag-ergen","tag-genc-eriskin","tag-hepasivirus","tag-intravenoz-madde-kullanimi"],"acf":[],"_links":{"self":[{"href":"https:\/\/www.klimikdergisi.org\/tr\/wp-json\/wp\/v2\/posts\/14567","targetHints":{"allow":["GET"]}}],"collection":[{"href":"https:\/\/www.klimikdergisi.org\/tr\/wp-json\/wp\/v2\/posts"}],"about":[{"href":"https:\/\/www.klimikdergisi.org\/tr\/wp-json\/wp\/v2\/types\/post"}],"replies":[{"embeddable":true,"href":"https:\/\/www.klimikdergisi.org\/tr\/wp-json\/wp\/v2\/comments?post=14567"}],"version-history":[{"count":0,"href":"https:\/\/www.klimikdergisi.org\/tr\/wp-json\/wp\/v2\/posts\/14567\/revisions"}],"wp:attachment":[{"href":"https:\/\/www.klimikdergisi.org\/tr\/wp-json\/wp\/v2\/media?parent=14567"}],"wp:term":[{"taxonomy":"category","embeddable":true,"href":"https:\/\/www.klimikdergisi.org\/tr\/wp-json\/wp\/v2\/categories?post=14567"},{"taxonomy":"post_tag","embeddable":true,"href":"https:\/\/www.klimikdergisi.org\/tr\/wp-json\/wp\/v2\/tags?post=14567"}],"curies":[{"name":"wp","href":"https:\/\/api.w.org\/{rel}","templated":true}]}}