{"id":14531,"date":"2021-01-05T01:22:38","date_gmt":"2021-01-04T22:22:38","guid":{"rendered":"https:\/\/www.klimikdergisi.org\/\/2021\/01\/05\/maldi-tof-msle-roseomonas-gilardii-olarak-tanimlanan-brucella-melitensis-bir-klinik-mikrobiyoloji-laboratuvarinin-deneyimi\/"},"modified":"2021-01-05T01:22:38","modified_gmt":"2021-01-04T22:22:38","slug":"maldi-tof-msle-roseomonas-gilardii-olarak-tanimlanan-brucella-melitensis-bir-klinik-mikrobiyoloji-laboratuvarinin-deneyimi","status":"publish","type":"post","link":"https:\/\/www.klimikdergisi.org\/tr\/2021\/01\/05\/maldi-tof-msle-roseomonas-gilardii-olarak-tanimlanan-brucella-melitensis-bir-klinik-mikrobiyoloji-laboratuvarinin-deneyimi\/","title":{"rendered":"MALDI-TOF MS&#8217;le Roseomonas gilardii Olarak Tan\u0131mlanan Brucella melitensis: Bir Klinik Mikrobiyoloji Laboratuvar\u0131n\u0131n Deneyimi"},"content":{"rendered":"<h1>\u00d6zet<\/h1>\n<p> Bu bildiride, kan k\u00fclt\u00fcr\u00fcnde \u00fcretilmi\u015f Brucella melitensis\u2019in, VITEK\u00ae MS (bioM\u00e9rieux, Marcy l&#8217;Etoile, Fransa) matriksle desteklenmi\u015f lazer dezorpsiyon iyonizasyon u\u00e7u\u015f zaman\u0131 k\u00fctle spektrometrisi (MALDI-TOF MS) mikrobiyal tan\u0131mlama sistemi taraf\u0131ndan Roseomonas gilardii olarak yanl\u0131\u015f tan\u0131mlanmas\u0131na dikkat \u00e7ekilmi\u015ftir. N\u00f6robruselloz \u00f6n tan\u0131l\u0131 42 ya\u015f\u0131nda erkek hastan\u0131n kan ve serum \u00f6rnekleri, bakteriyoloji ve seroloji laboratuvarlar\u0131nda de\u011ferlendirildi. Pozitif kan k\u00fclt\u00fcr\u00fc \u015fi\u015felerinden izole edilen Gram-negatif kokobasil, VITEK\u00ae MS taraf\u0131ndan R. gilardii olarak tan\u0131mland\u0131; ancak VITEK\u00ae 2 Compact (bioM\u00e9rieux, Marcy l&#8217;Etoile, Fransa) MALDI-TOF MS mikrobiyal tan\u0131mlama sistemiyle tan\u0131mlanamad\u0131. Serolojik testler bruselloz i\u00e7in pozitif bulundu ve yanl\u0131\u015f tan\u0131mlama olas\u0131l\u0131\u011f\u0131 i\u00e7in \u00f6nemli bir ipucu oldu. \u0130zole edilen mikroorganizma do\u011fru tan\u0131mlama i\u00e7in Ulusal Referans Laboratuvar\u0131&#8217;nda polimeraz zincir reaksiyonu ve biyotiplemeyle B. melitensis olarak do\u011fruland\u0131. Brusellozun endemik oldu\u011fu \u00fclkelerde mikrobiyoloji laboratuvarlar\u0131, Brucella t\u00fcrlerinin tan\u0131mlanmas\u0131 i\u00e7in ticari bakteriyel tan\u0131mlama sistemleri kullan\u0131rken dikkatli olmal\u0131d\u0131r. Klimik Dergisi 2019; 32(1): 105-7.<\/p>\n<p> <strong>Cite this article as<\/strong>: \u00c7i\u00e7ek M, B\u0131\u00e7ak\u00e7\u0131gil A, \u00c7elebi B, \u015eener B, Sancak B. [Brucella melitensis misidentified as Roseomonas gilardii by MALDI-TOF MS: experience of a clinical microbiology laboratory]. Klimik Derg. 2019; 32(1): 105-7. Turkish.<\/p>\n","protected":false},"excerpt":{"rendered":"<p>\u00d6zet Bu bildiride, kan k\u00fclt\u00fcr\u00fcnde \u00fcretilmi\u015f Brucella melitensis\u2019in, VITEK\u00ae MS (bioM\u00e9rieux, Marcy l&#8217;Etoile, Fransa) matriksle desteklenmi\u015f lazer dezorpsiyon iyonizasyon u\u00e7u\u015f zaman\u0131 k\u00fctle spektrometrisi (MALDI-TOF MS) mikrobiyal tan\u0131mlama sistemi taraf\u0131ndan Roseomonas gilardii olarak yanl\u0131\u015f tan\u0131mlanmas\u0131na dikkat \u00e7ekilmi\u015ftir. N\u00f6robruselloz \u00f6n tan\u0131l\u0131 42 ya\u015f\u0131nda erkek hastan\u0131n kan ve serum \u00f6rnekleri, bakteriyoloji ve seroloji laboratuvarlar\u0131nda de\u011ferlendirildi. Pozitif kan k\u00fclt\u00fcr\u00fc [&hellip;]<\/p>\n","protected":false},"author":0,"featured_media":0,"comment_status":"","ping_status":"","sticky":false,"template":"","format":"standard","meta":{"_acf_changed":false,"footnotes":""},"categories":[5131],"tags":[3939,4832,4831],"class_list":["post-14531","post","type-post","status-publish","format-standard","hentry","category-olgu-sunumu","tag-brucella-melitensis","tag-malditof-ms","tag-roseomonas-gilardii"],"acf":[],"_links":{"self":[{"href":"https:\/\/www.klimikdergisi.org\/tr\/wp-json\/wp\/v2\/posts\/14531","targetHints":{"allow":["GET"]}}],"collection":[{"href":"https:\/\/www.klimikdergisi.org\/tr\/wp-json\/wp\/v2\/posts"}],"about":[{"href":"https:\/\/www.klimikdergisi.org\/tr\/wp-json\/wp\/v2\/types\/post"}],"replies":[{"embeddable":true,"href":"https:\/\/www.klimikdergisi.org\/tr\/wp-json\/wp\/v2\/comments?post=14531"}],"version-history":[{"count":0,"href":"https:\/\/www.klimikdergisi.org\/tr\/wp-json\/wp\/v2\/posts\/14531\/revisions"}],"wp:attachment":[{"href":"https:\/\/www.klimikdergisi.org\/tr\/wp-json\/wp\/v2\/media?parent=14531"}],"wp:term":[{"taxonomy":"category","embeddable":true,"href":"https:\/\/www.klimikdergisi.org\/tr\/wp-json\/wp\/v2\/categories?post=14531"},{"taxonomy":"post_tag","embeddable":true,"href":"https:\/\/www.klimikdergisi.org\/tr\/wp-json\/wp\/v2\/tags?post=14531"}],"curies":[{"name":"wp","href":"https:\/\/api.w.org\/{rel}","templated":true}]}}