{"id":14525,"date":"2021-01-05T01:22:37","date_gmt":"2021-01-04T22:22:37","guid":{"rendered":"https:\/\/www.klimikdergisi.org\/\/2021\/01\/05\/empyema-necessitatis-karin-derisine-fistulize-olan-bir-plevral-ampiyem-olgusu\/"},"modified":"2021-01-05T01:22:37","modified_gmt":"2021-01-04T22:22:37","slug":"empyema-necessitatis-karin-derisine-fistulize-olan-bir-plevral-ampiyem-olgusu","status":"publish","type":"post","link":"https:\/\/www.klimikdergisi.org\/tr\/2021\/01\/05\/empyema-necessitatis-karin-derisine-fistulize-olan-bir-plevral-ampiyem-olgusu\/","title":{"rendered":"Empyema Necessitatis: Kar\u0131n Derisine Fist\u00fclize Olan Bir Plevral Ampiyem Olgusu"},"content":{"rendered":"<h1>\u00d6zet<\/h1>\n<p> Empyema necessitatis, plevral ampiyemin deri alt\u0131 dokular da dahil olmak \u00fczere toraks d\u0131\u015f\u0131na fist\u00fclize olmas\u0131d\u0131r. Nadir bir komplikasyon olmakla birlikte tan\u0131da gecikme, \u00f6nemli\u00a0 morbidite ve mortalite nedeni olabilmektedir. 43 ya\u015f\u0131ndaki erkek hasta, ate\u015f ve kokulu balgam \u00e7\u0131karma\u00a0 \u015fikayetiyle ba\u015fvurmu\u015f ve plevral ef\u00fczyon saptanm\u0131\u015ft\u0131r. S\u0131v\u0131 torasentezle \u00f6rneklenmi\u015f, ampiyemle uyumlu oldu\u011fu g\u00f6r\u00fclm\u00fc\u015ft\u00fcr. Bakteriyolojik k\u00fclt\u00fcrde Streptococcus intermedius \u00fcremesi olmas\u0131 \u00fczerine ikili kombine antibiyotik tedavisi ve t\u00fcp torakostomisi uygulanm\u0131\u015ft\u0131r. Kar\u0131n sa\u011f alt kadran lateralinde deri alt\u0131nda \u015fi\u015flik, k\u0131zar\u0131kl\u0131k, s\u0131cakl\u0131k art\u0131\u015f\u0131 ve fl\u00fcktuasyon saptanmas\u0131n\u0131n ard\u0131ndan, cerrahi drenaj uygulanm\u0131\u015ft\u0131r. Bu b\u00f6lgeden plevral s\u0131v\u0131yla ayn\u0131 vas\u0131fta s\u0131v\u0131\u00a0 gelmesi \u00fczerine empyema necessitatis te\u015fhisi konulmu\u015ftur. Hastan\u0131n klinik, radyolojik ve laboratuvar bulgular\u0131, antibiyotik tedavisiyle iyile\u015fmi\u015ftir.\u00a0Klimik Dergisi 2019; 32(1): 102-4.<\/p>\n<p> <strong>Cite this article as<\/strong>: G\u00fc\u00e7sav MO, Canbaz M, Deniz S, et al. [Empyema necessitatis: a case of pleural empyema fistulized to the abdominal skin]. Klimik Derg. 2019; 32(1): 102-4. Turkish.<\/p>\n","protected":false},"excerpt":{"rendered":"<p>\u00d6zet Empyema necessitatis, plevral ampiyemin deri alt\u0131 dokular da dahil olmak \u00fczere toraks d\u0131\u015f\u0131na fist\u00fclize olmas\u0131d\u0131r. Nadir bir komplikasyon olmakla birlikte tan\u0131da gecikme, \u00f6nemli\u00a0 morbidite ve mortalite nedeni olabilmektedir. 43 ya\u015f\u0131ndaki erkek hasta, ate\u015f ve kokulu balgam \u00e7\u0131karma\u00a0 \u015fikayetiyle ba\u015fvurmu\u015f ve plevral ef\u00fczyon saptanm\u0131\u015ft\u0131r. S\u0131v\u0131 torasentezle \u00f6rneklenmi\u015f, ampiyemle uyumlu oldu\u011fu g\u00f6r\u00fclm\u00fc\u015ft\u00fcr. Bakteriyolojik k\u00fclt\u00fcrde Streptococcus intermedius [&hellip;]<\/p>\n","protected":false},"author":0,"featured_media":0,"comment_status":"","ping_status":"","sticky":false,"template":"","format":"standard","meta":{"_acf_changed":false,"footnotes":""},"categories":[5131],"tags":[4835,4833,4837,4834],"class_list":["post-14525","post","type-post","status-publish","format-standard","hentry","category-olgu-sunumu","tag-ampiyem","tag-empyema-necessitatis","tag-fistulizasyon","tag-streptococcus-intermedius"],"acf":[],"_links":{"self":[{"href":"https:\/\/www.klimikdergisi.org\/tr\/wp-json\/wp\/v2\/posts\/14525","targetHints":{"allow":["GET"]}}],"collection":[{"href":"https:\/\/www.klimikdergisi.org\/tr\/wp-json\/wp\/v2\/posts"}],"about":[{"href":"https:\/\/www.klimikdergisi.org\/tr\/wp-json\/wp\/v2\/types\/post"}],"replies":[{"embeddable":true,"href":"https:\/\/www.klimikdergisi.org\/tr\/wp-json\/wp\/v2\/comments?post=14525"}],"version-history":[{"count":0,"href":"https:\/\/www.klimikdergisi.org\/tr\/wp-json\/wp\/v2\/posts\/14525\/revisions"}],"wp:attachment":[{"href":"https:\/\/www.klimikdergisi.org\/tr\/wp-json\/wp\/v2\/media?parent=14525"}],"wp:term":[{"taxonomy":"category","embeddable":true,"href":"https:\/\/www.klimikdergisi.org\/tr\/wp-json\/wp\/v2\/categories?post=14525"},{"taxonomy":"post_tag","embeddable":true,"href":"https:\/\/www.klimikdergisi.org\/tr\/wp-json\/wp\/v2\/tags?post=14525"}],"curies":[{"name":"wp","href":"https:\/\/api.w.org\/{rel}","templated":true}]}}