{"id":14471,"date":"2021-01-05T01:22:33","date_gmt":"2021-01-04T22:22:33","guid":{"rendered":"https:\/\/www.klimikdergisi.org\/\/2021\/01\/05\/2011-2018-yillari-arasinda-samsun-ilindeki-tularemi-olgularinin-incelenmesi\/"},"modified":"2021-01-05T01:22:33","modified_gmt":"2021-01-04T22:22:33","slug":"2011-2018-yillari-arasinda-samsun-ilindeki-tularemi-olgularinin-incelenmesi","status":"publish","type":"post","link":"https:\/\/www.klimikdergisi.org\/tr\/2021\/01\/05\/2011-2018-yillari-arasinda-samsun-ilindeki-tularemi-olgularinin-incelenmesi\/","title":{"rendered":"2011-2018 Y\u0131llar\u0131 Aras\u0131nda Samsun \u0130lindeki Tularemi Olgular\u0131n\u0131n \u0130ncelenmesi"},"content":{"rendered":"<h1>\u00d6zet<\/h1>\n<p> <strong>Ama\u00e7<\/strong>: Tularemi salg\u0131nlara sebep olabilen zoonotik bir hastal\u0131kt\u0131r. \u00c7al\u0131\u015fmam\u0131zda Samsun ilinde 2011-2018 y\u0131llar\u0131 aras\u0131nda saptanan tularemi olgular\u0131n\u0131 incelemeyi ama\u00e7lad\u0131k.<\/p>\n<p> <strong>Y\u00f6ntemler<\/strong>: Ocak 2011-Nisan 2018 tarihleri aras\u0131nda Samsun E\u011fitim ve Ara\u015ft\u0131rma Hastanesi \u0130nfeksiyon Hastal\u0131klar\u0131 ve Klinik Mikrobiyoloji Poliklini\u011fi\u2019ne ba\u015fvuran ve klinik ve serolojik olarak tularemi tan\u0131s\u0131 konulmu\u015f 16 hastan\u0131n verileri retrospektif olarak incelendi.<\/p>\n<p> <strong>Bulgular<\/strong>: Olgular\u0131n ya\u015f ortalamas\u0131 47.5 (ya\u015f aral\u0131\u011f\u0131 17-74), 4 (%25)\u2019\u00fc erkek, 12 (%75)\u2019si kad\u0131nd\u0131. 2012, 2014 ve 2016 y\u0131llar\u0131nda birer, 2017 y\u0131l\u0131nda ise 13 olgu saptand\u0131. 2017 y\u0131l\u0131ndaki olgular\u0131n geli\u015f yerleri incelendi\u011finde, 10 olgunun Samsun\u2019un Kavak il\u00e7esinden, 3 olgunun Havza il\u00e7esinden, 2 olgunun Sal\u0131pazar\u0131 il\u00e7esinden ve 1 olgunun Vezirk\u00f6pr\u00fc il\u00e7esinden geldi\u011fi saptand\u0131. 2017 \u015eubat ve Mart ay\u0131nda Kavak il\u00e7esinde olgu say\u0131s\u0131n\u0131n tepeye ula\u015ft\u0131\u011f\u0131 ve erken sonland\u0131\u011f\u0131 tespit edildi. En s\u0131k (%62.5) orofaringeal tularemi tablosuna rastland\u0131. Tularemi tan\u0131s\u0131 olan t\u00fcm olgulara 14 g\u00fcn s\u00fcreyle streptomisin tedavisi verildi.<\/p>\n<p> <strong>Sonu\u00e7lar<\/strong>: Samsun\u2019un da dahil oldu\u011fu Orta Karadeniz B\u00f6lgesi\u2019nde epidemiler yapan tularemi, \u00f6zellikle ate\u015f ve servikal lenfadenopatiyle ba\u015fvuran hastalar\u0131n ay\u0131r\u0131c\u0131 tan\u0131s\u0131nda mutlaka d\u00fc\u015f\u00fcn\u00fclmelidir. Klimik Dergisi 2019; 32(1): 62-6.<\/p>\n<p> <strong>Cite this article as<\/strong>: Alkan-\u00c7eviker S, G\u00fcnal \u00d6, K\u0131l\u0131\u00e7 SS. [Evaluation of tularemia cases in Samsun province between 2011 and 2018]. Klimik Derg. 2019; 32(1): 62-6. Turkish.<\/p>\n","protected":false},"excerpt":{"rendered":"<p>\u00d6zet Ama\u00e7: Tularemi salg\u0131nlara sebep olabilen zoonotik bir hastal\u0131kt\u0131r. \u00c7al\u0131\u015fmam\u0131zda Samsun ilinde 2011-2018 y\u0131llar\u0131 aras\u0131nda saptanan tularemi olgular\u0131n\u0131 incelemeyi ama\u00e7lad\u0131k. Y\u00f6ntemler: Ocak 2011-Nisan 2018 tarihleri aras\u0131nda Samsun E\u011fitim ve Ara\u015ft\u0131rma Hastanesi \u0130nfeksiyon Hastal\u0131klar\u0131 ve Klinik Mikrobiyoloji Poliklini\u011fi\u2019ne ba\u015fvuran ve klinik ve serolojik olarak tularemi tan\u0131s\u0131 konulmu\u015f 16 hastan\u0131n verileri retrospektif olarak incelendi. Bulgular: Olgular\u0131n ya\u015f [&hellip;]<\/p>\n","protected":false},"author":0,"featured_media":0,"comment_status":"","ping_status":"","sticky":false,"template":"","format":"standard","meta":{"_acf_changed":false,"footnotes":""},"categories":[5129],"tags":[4641,4847,3174],"class_list":["post-14471","post","type-post","status-publish","format-standard","hentry","category-ozgun-arastirma","tag-hastalik-salginlari","tag-samsun","tag-tularemi"],"acf":[],"_links":{"self":[{"href":"https:\/\/www.klimikdergisi.org\/tr\/wp-json\/wp\/v2\/posts\/14471","targetHints":{"allow":["GET"]}}],"collection":[{"href":"https:\/\/www.klimikdergisi.org\/tr\/wp-json\/wp\/v2\/posts"}],"about":[{"href":"https:\/\/www.klimikdergisi.org\/tr\/wp-json\/wp\/v2\/types\/post"}],"replies":[{"embeddable":true,"href":"https:\/\/www.klimikdergisi.org\/tr\/wp-json\/wp\/v2\/comments?post=14471"}],"version-history":[{"count":0,"href":"https:\/\/www.klimikdergisi.org\/tr\/wp-json\/wp\/v2\/posts\/14471\/revisions"}],"wp:attachment":[{"href":"https:\/\/www.klimikdergisi.org\/tr\/wp-json\/wp\/v2\/media?parent=14471"}],"wp:term":[{"taxonomy":"category","embeddable":true,"href":"https:\/\/www.klimikdergisi.org\/tr\/wp-json\/wp\/v2\/categories?post=14471"},{"taxonomy":"post_tag","embeddable":true,"href":"https:\/\/www.klimikdergisi.org\/tr\/wp-json\/wp\/v2\/tags?post=14471"}],"curies":[{"name":"wp","href":"https:\/\/api.w.org\/{rel}","templated":true}]}}