{"id":14273,"date":"2021-01-05T01:22:18","date_gmt":"2021-01-04T22:22:18","guid":{"rendered":"https:\/\/www.klimikdergisi.org\/\/2021\/01\/05\/insan-bagisiklik-yetmezligi-virusu-infeksiyonu-olan-kisilerin-yasam-kalitesi-kesitsel-calisma\/"},"modified":"2021-01-05T01:22:18","modified_gmt":"2021-01-04T22:22:18","slug":"insan-bagisiklik-yetmezligi-virusu-infeksiyonu-olan-kisilerin-yasam-kalitesi-kesitsel-calisma","status":"publish","type":"post","link":"https:\/\/www.klimikdergisi.org\/tr\/2021\/01\/05\/insan-bagisiklik-yetmezligi-virusu-infeksiyonu-olan-kisilerin-yasam-kalitesi-kesitsel-calisma\/","title":{"rendered":"\u0130nsan Ba\u011f\u0131\u015f\u0131kl\u0131k Yetmezli\u011fi Virusu \u0130nfeksiyonu Olan Ki\u015filerin Ya\u015fam Kalitesi: Kesitsel \u00c7al\u0131\u015fma"},"content":{"rendered":"<p><strong>Ama\u00e7<\/strong>: Bu \u00e7al\u0131\u015fmada insan ba\u011f\u0131\u015f\u0131kl\u0131k yetmezli\u011fi virusu (HIV)\u2019yla ya\u015fayan ki\u015fi (H\u0130YK)\u2019lerde, ki\u015fisel, \u00e7evresel, sosyal ve hastal\u0131kla ilgili baz\u0131 fakt\u00f6rlerin, sa\u011fl\u0131kla ili\u015fkili ya\u015fam kalitesi (S\u0130YK) \u00fczerine etkilerinin ara\u015ft\u0131r\u0131lmas\u0131 ama\u00e7lanm\u0131\u015ft\u0131r.<\/p>\n<p><strong>Y\u00f6ntemler<\/strong>: Bu \u00e7al\u0131\u015fma, T\u00fcrkiye\u2019de sekiz merkezde infeksiyon hastal\u0131klar\u0131 ve klinik mikrobiyoloji polikliniklerine ba\u015fvuran, 18 ya\u015f\u0131ndan b\u00fcy\u00fck H\u0130YK\u2019lerde ger\u00e7ekle\u015ftirilmi\u015ftir. Veriler y\u00fcz y\u00fcze g\u00f6r\u00fc\u015ferek y\u00f6ntemiyle Genel Bilgi Formu ve K\u0131sa Form-36 (SF-36) kullan\u0131larak toplanm\u0131\u015ft\u0131r.<\/p>\n<p><strong>Bulgular<\/strong>: \u00c7al\u0131\u015fmada 224 H\u0130YK yer ald\u0131. Fiziksel komponent puan\u0131, fiziksel fonksiyon, bedensel a\u011fr\u0131 ve genel sa\u011fl\u0131k boyutlar\u0131nda puanlar ya\u015fla birlikte azald\u0131. Tedaviye bir aydan uzun s\u00fcre ara verme veya yan etkiler S\u0130YK\u2019yi olumsuz y\u00f6nde etkiledi. Mutlu ya\u015fad\u0131\u011f\u0131n\u0131, sevildi\u011fini d\u00fc\u015f\u00fcnen, d\u00fczenli bir i\u015fi ve g\u00fcvenli cinsel ya\u015fam\u0131 olan bireylerde S\u0130YK daha y\u00fcksekti. Beslenme sorunu, bar\u0131nma sorunu, kronik hastal\u0131k, lipodistrofi ve HIV infeksiyonuna ba\u011fl\u0131 komplikasyonun varl\u0131\u011f\u0131 S\u0130YK\u2019yi azaltmaktayd\u0131. Mutlu ya\u015fad\u0131\u011f\u0131n\u0131 hissetme, fiziksel komponent skorunu yakla\u015f\u0131k 8.6 kat art\u0131rd\u0131; kronik hastal\u0131k varl\u0131\u011f\u0131 ve tedavi yan etkisi ya\u015fama ise s\u0131ras\u0131yla yakla\u015f\u0131k 0.2 ve 0.3 kat azaltt\u0131. Mental komponent puan\u0131 a\u00e7\u0131s\u0131ndan, mutlu ya\u015fad\u0131\u011f\u0131n\u0131 hissetmenin ve g\u00fcvenli cinsel ya\u015fama sahip olman\u0131n S\u0130YK\u2019yi s\u0131ras\u0131yla yakla\u015f\u0131k 7.9 ve 2.7 kat art\u0131rd\u0131\u011f\u0131; beslenme sorunlar\u0131 ve kronik hastal\u0131klar\u0131n varl\u0131\u011f\u0131n\u0131n ise yakla\u015f\u0131k 0.3 kat azaltt\u0131\u011f\u0131 hesapland\u0131.<\/p>\n<p><strong>Sonu\u00e7<\/strong>: \u00dclkemizde H\u0130YK\u2019lerin fiziksel ve mental S\u0130YK\u2019si, toplumun HIV\/AIDS hakk\u0131nda e\u011fitilmesiyle ve H\u0130YK\u2019lere yeterli sosyal deste\u011fin sa\u011flanmas\u0131yla art\u0131r\u0131labilir. Klimik Dergisi 2019; 32(2): 154-60.<\/p>\n<p><strong>Cite this article as<\/strong>: Karacaer Z, Alt\u0131ndi\u015f S, Gencer S, et al. [Quality of life in people living with human immunodeficiency virus: A cross-sectional study]. Klimik Derg. 2019; 32(2): 154-60. Turkish.<\/p>\n","protected":false},"excerpt":{"rendered":"<p>Ama\u00e7: Bu \u00e7al\u0131\u015fmada insan ba\u011f\u0131\u015f\u0131kl\u0131k yetmezli\u011fi virusu (HIV)\u2019yla ya\u015fayan ki\u015fi (H\u0130YK)\u2019lerde, ki\u015fisel, \u00e7evresel, sosyal ve hastal\u0131kla ilgili baz\u0131 fakt\u00f6rlerin, sa\u011fl\u0131kla ili\u015fkili ya\u015fam kalitesi (S\u0130YK) \u00fczerine etkilerinin ara\u015ft\u0131r\u0131lmas\u0131 ama\u00e7lanm\u0131\u015ft\u0131r. Y\u00f6ntemler: Bu \u00e7al\u0131\u015fma, T\u00fcrkiye\u2019de sekiz merkezde infeksiyon hastal\u0131klar\u0131 ve klinik mikrobiyoloji polikliniklerine ba\u015fvuran, 18 ya\u015f\u0131ndan b\u00fcy\u00fck H\u0130YK\u2019lerde ger\u00e7ekle\u015ftirilmi\u015ftir. Veriler y\u00fcz y\u00fcze g\u00f6r\u00fc\u015ferek y\u00f6ntemiyle Genel Bilgi Formu ve [&hellip;]<\/p>\n","protected":false},"author":0,"featured_media":0,"comment_status":"","ping_status":"","sticky":false,"template":"","format":"standard","meta":{"_acf_changed":false,"footnotes":""},"categories":[5129],"tags":[4903,3228,4902,4900,3793],"class_list":["post-14273","post","type-post","status-publish","format-standard","hentry","category-ozgun-arastirma","tag-cd4-lenfositi-sayisi","tag-hiv","tag-hiv-rna","tag-kisa-form-36","tag-yasam-kalitesi"],"acf":[],"_links":{"self":[{"href":"https:\/\/www.klimikdergisi.org\/tr\/wp-json\/wp\/v2\/posts\/14273","targetHints":{"allow":["GET"]}}],"collection":[{"href":"https:\/\/www.klimikdergisi.org\/tr\/wp-json\/wp\/v2\/posts"}],"about":[{"href":"https:\/\/www.klimikdergisi.org\/tr\/wp-json\/wp\/v2\/types\/post"}],"replies":[{"embeddable":true,"href":"https:\/\/www.klimikdergisi.org\/tr\/wp-json\/wp\/v2\/comments?post=14273"}],"version-history":[{"count":0,"href":"https:\/\/www.klimikdergisi.org\/tr\/wp-json\/wp\/v2\/posts\/14273\/revisions"}],"wp:attachment":[{"href":"https:\/\/www.klimikdergisi.org\/tr\/wp-json\/wp\/v2\/media?parent=14273"}],"wp:term":[{"taxonomy":"category","embeddable":true,"href":"https:\/\/www.klimikdergisi.org\/tr\/wp-json\/wp\/v2\/categories?post=14273"},{"taxonomy":"post_tag","embeddable":true,"href":"https:\/\/www.klimikdergisi.org\/tr\/wp-json\/wp\/v2\/tags?post=14273"}],"curies":[{"name":"wp","href":"https:\/\/api.w.org\/{rel}","templated":true}]}}