{"id":14231,"date":"2021-01-05T01:22:09","date_gmt":"2021-01-04T22:22:09","guid":{"rendered":"https:\/\/www.klimikdergisi.org\/\/2021\/01\/05\/sepsisli-hastalarin-kaninda-etken-uretilmesinin-maliyet-uzerine-etkisi\/"},"modified":"2021-01-05T01:22:09","modified_gmt":"2021-01-04T22:22:09","slug":"sepsisli-hastalarin-kaninda-etken-uretilmesinin-maliyet-uzerine-etkisi","status":"publish","type":"post","link":"https:\/\/www.klimikdergisi.org\/tr\/2021\/01\/05\/sepsisli-hastalarin-kaninda-etken-uretilmesinin-maliyet-uzerine-etkisi\/","title":{"rendered":"Sepsisli Hastalar\u0131n Kan\u0131nda Etken \u00dcretilmesinin Maliyet \u00dczerine Etkisi"},"content":{"rendered":"<p><strong>Ama\u00e7<\/strong>: Bu \u00e7al\u0131\u015fman\u0131n amac\u0131 bir \u00fc\u00e7\u00fcnc\u00fc basamak hastanenin yo\u011fun bak\u0131m \u00fcnitelerinde sepsis geli\u015fen hastalarda kan k\u00fclt\u00fcr\u00fcnde etken \u00fcretilmesinin tedavi maliyetleri \u00fczerine etkisinin ara\u015ft\u0131r\u0131lmas\u0131d\u0131r.<\/p>\n<p><strong>Y\u00f6ntemler<\/strong>: \u00c7al\u0131\u015fmada Aral\u0131k 2015-\u015eubat 2016 aras\u0131nda 53 hastada geli\u015fen toplam 88 sepsis ata\u011f\u0131 retrospektif olarak incelenmi\u015ftir. Kan k\u00fclt\u00fcr\u00fcnde infeksiyon etkeninin \u00fcretildi\u011fi 37 ata\u011fa (pozitif atak: vaka grubu) kar\u015f\u0131l\u0131k, infeksiyon etkeni \u00fcretilemeyen 37 atak (negatif atak: kontrol grubu), tedavi maliyetleri bak\u0131m\u0131ndan kar\u015f\u0131la\u015ft\u0131r\u0131lm\u0131\u015ft\u0131r. Her iki gruptaki tedavi maliyetleri, geri \u00f6deme kurumu (Sosyal G\u00fcvenlik Kurumu) perspektifi kullan\u0131larak hesaplanm\u0131\u015ft\u0131r. \u0130statistiksel analizler, Statistical Package for the Social Sciences (SPSS) for Windows. Version 15.0 (SPSS Inc., Chicago, IL, ABD) program\u0131 yard\u0131m\u0131yla yap\u0131lm\u0131\u015ft\u0131r.<\/p>\n<p><strong>Bulgular<\/strong>: 88 atakta sepsis tedavisi i\u00e7in yap\u0131lan harcamalar, toplam tedavi maliyetinin %39.2\u2019sini olu\u015fturmaktad\u0131r. Sepsis i\u00e7in yap\u0131lan harcamalar, maliyet t\u00fcrlerine g\u00f6re incelendi\u011finde, harcamalar\u0131n %50.2\u2019si ila\u00e7 i\u00e7in, %35.4\u2019\u00fc tetkik i\u00e7in, %57.7\u2019si g\u00f6r\u00fcnt\u00fcleme i\u00e7in, %23.8\u2019i t\u0131bbi malzeme i\u00e7in, %34.8\u2019i yatak \u00fccretleri i\u00e7in ve %26.5\u2019i di\u011fer harcamalar i\u00e7in yap\u0131lm\u0131\u015ft\u0131r. Pozitif atak grubunda, genel toplam maliyetin (9020.88 TL\u2019ye kar\u015f\u0131l\u0131k 12 663.61 TL, p=0.07) yan\u0131 s\u0131ra; ila\u00e7, tetkik, g\u00f6r\u00fcnt\u00fcleme, t\u0131bbi malzeme, yatak \u00fccretleri ve di\u011fer kalemler i\u00e7in yap\u0131lan harcamalar, kontrol grubu i\u00e7in yap\u0131lanlardan daha d\u00fc\u015f\u00fckt\u00fcr. Bu fark, yatak maliyeti i\u00e7in istatistiksel olarak anlaml\u0131d\u0131r (p=0.011).<\/p>\n<p><strong>Sonu\u00e7lar<\/strong>: Sepsisli hastalarda kan k\u00fclt\u00fcr\u00fc yap\u0131larak etkenin \u00fcretilmesi, tedavi maliyetlerinin d\u00fc\u015fmesini sa\u011flam\u0131\u015ft\u0131r. Klimik Dergisi 2019; 32(2): 132-5.<\/p>\n<p><strong>Cite this article as<\/strong>: Azap A, A\u011f\u0131rba\u015f \u0130, Y\u00f6r\u00fck F, Alt\u0131nta\u015f ND, Bayar MK, Bing\u00f6l AP. [Impact of identifying the causative agent of sepsis from blood cultures on treatment cost]. Klimik Derg. 2019; 32(2): 132-5. Turkish.<\/p>\n","protected":false},"excerpt":{"rendered":"<p>Ama\u00e7: Bu \u00e7al\u0131\u015fman\u0131n amac\u0131 bir \u00fc\u00e7\u00fcnc\u00fc basamak hastanenin yo\u011fun bak\u0131m \u00fcnitelerinde sepsis geli\u015fen hastalarda kan k\u00fclt\u00fcr\u00fcnde etken \u00fcretilmesinin tedavi maliyetleri \u00fczerine etkisinin ara\u015ft\u0131r\u0131lmas\u0131d\u0131r. Y\u00f6ntemler: \u00c7al\u0131\u015fmada Aral\u0131k 2015-\u015eubat 2016 aras\u0131nda 53 hastada geli\u015fen toplam 88 sepsis ata\u011f\u0131 retrospektif olarak incelenmi\u015ftir. Kan k\u00fclt\u00fcr\u00fcnde infeksiyon etkeninin \u00fcretildi\u011fi 37 ata\u011fa (pozitif atak: vaka grubu) kar\u015f\u0131l\u0131k, infeksiyon etkeni \u00fcretilemeyen 37 [&hellip;]<\/p>\n","protected":false},"author":0,"featured_media":0,"comment_status":"","ping_status":"","sticky":false,"template":"","format":"standard","meta":{"_acf_changed":false,"footnotes":""},"categories":[5129],"tags":[3368,4911,2691],"class_list":["post-14231","post","type-post","status-publish","format-standard","hentry","category-ozgun-arastirma","tag-kan-kulturu","tag-maliyet-ve-maliyet-analizi","tag-sepsis"],"acf":[],"_links":{"self":[{"href":"https:\/\/www.klimikdergisi.org\/tr\/wp-json\/wp\/v2\/posts\/14231","targetHints":{"allow":["GET"]}}],"collection":[{"href":"https:\/\/www.klimikdergisi.org\/tr\/wp-json\/wp\/v2\/posts"}],"about":[{"href":"https:\/\/www.klimikdergisi.org\/tr\/wp-json\/wp\/v2\/types\/post"}],"replies":[{"embeddable":true,"href":"https:\/\/www.klimikdergisi.org\/tr\/wp-json\/wp\/v2\/comments?post=14231"}],"version-history":[{"count":0,"href":"https:\/\/www.klimikdergisi.org\/tr\/wp-json\/wp\/v2\/posts\/14231\/revisions"}],"wp:attachment":[{"href":"https:\/\/www.klimikdergisi.org\/tr\/wp-json\/wp\/v2\/media?parent=14231"}],"wp:term":[{"taxonomy":"category","embeddable":true,"href":"https:\/\/www.klimikdergisi.org\/tr\/wp-json\/wp\/v2\/categories?post=14231"},{"taxonomy":"post_tag","embeddable":true,"href":"https:\/\/www.klimikdergisi.org\/tr\/wp-json\/wp\/v2\/tags?post=14231"}],"curies":[{"name":"wp","href":"https:\/\/api.w.org\/{rel}","templated":true}]}}