{"id":14195,"date":"2021-01-05T01:22:07","date_gmt":"2021-01-04T22:22:07","guid":{"rendered":"https:\/\/www.klimikdergisi.org\/\/2021\/01\/05\/invazif-fungal-infeksiyonlarin-epidemiyolojisi\/"},"modified":"2021-01-05T01:22:07","modified_gmt":"2021-01-04T22:22:07","slug":"invazif-fungal-infeksiyonlarin-epidemiyolojisi","status":"publish","type":"post","link":"https:\/\/www.klimikdergisi.org\/tr\/2021\/01\/05\/invazif-fungal-infeksiyonlarin-epidemiyolojisi\/","title":{"rendered":"\u0130nvazif Fungal \u0130nfeksiyonlar\u0131n Epidemiyolojisi"},"content":{"rendered":"<p>\u0130nvazif fungal infeksiyon (\u0130F\u0130), g\u00fcn\u00fcm\u00fczde imm\u00fcnos\u00fcprese hastalarda morbidite ve mortalitenin \u00f6nemli bir nedeni olarak kar\u015f\u0131m\u0131za \u00e7\u0131kmaktad\u0131r. Her ne kadar Candida t\u00fcrleri \u0130F\u0130\u2019lerin ve Candida albicans invazif kandidozun en s\u0131k nedeni olsa da, son y\u0131llarda d\u00fcnyada albicans d\u0131\u015f\u0131 t\u00fcrlerin s\u0131kl\u0131\u011f\u0131n\u0131n, flukonazol duyarl\u0131l\u0131\u011f\u0131nda azalmayla birlikte, giderek artt\u0131\u011f\u0131 ve Candida auris gibi yeni t\u00fcrlerin ortaya \u00e7\u0131kt\u0131\u011f\u0131; Aspergillus ve nadir rastlanan k\u00fcflerin insidans\u0131nda da art\u0131\u015f oldu\u011fu g\u00f6zlenmektedir. Bu durum, imm\u00fcnos\u00fcprese hasta say\u0131s\u0131n\u0131n artmas\u0131, uygulanan agresif kemoterapilerin ve santral ven\u00f6z kateterler gibi invazif ara\u00e7lar\u0131n kullan\u0131m\u0131n\u0131n artmas\u0131 ve antimikrobiyal profilaksi veya tedavi yakla\u015f\u0131mlar\u0131yla ili\u015fkilidir. \u0130F\u0130 etkenlerinin t\u00fcr ve diren\u00e7 da\u011f\u0131l\u0131m\u0131 da t\u00fcm d\u00fcnyada oldu\u011fu gibi hastaneler aras\u0131nda hatta ayn\u0131 hastane i\u00e7inde farkl\u0131 b\u00f6l\u00fcmlerde bile de\u011fi\u015fkenlik g\u00f6sterebilmekte ve hastalardaki predispozan fakt\u00f6rlere g\u00f6re de\u011fi\u015febilmektedir. T\u00fcm bu nedenlerle, \u0130F\u0130\u2019lerin de\u011fi\u015fen epidemiyolojisinin bilinmesi, \u00f6n\u00fcm\u00fczdeki dekadda da art\u0131\u015f\u0131 \u00f6ng\u00f6r\u00fclen bu infeksiyonlarda, etkin tedavi ve profilaksi yakla\u015f\u0131mlar\u0131n\u0131n geli\u015ftirilmesi a\u00e7\u0131s\u0131ndan \u00f6nemli olacakt\u0131r. Klimik Dergisi 2019; 32(\u00d6zel Say\u0131 2): 118-23.<\/p>\n<p><strong>Cite this article as<\/strong>: Karako\u00e7 Z\u00c7. [Epidemiology of invasive fungal infections]. Klimik Derg. 2019; 32(Suppl. 2): 118-23. Turkish.<\/p>\n","protected":false},"excerpt":{"rendered":"<p>\u0130nvazif fungal infeksiyon (\u0130F\u0130), g\u00fcn\u00fcm\u00fczde imm\u00fcnos\u00fcprese hastalarda morbidite ve mortalitenin \u00f6nemli bir nedeni olarak kar\u015f\u0131m\u0131za \u00e7\u0131kmaktad\u0131r. Her ne kadar Candida t\u00fcrleri \u0130F\u0130\u2019lerin ve Candida albicans invazif kandidozun en s\u0131k nedeni olsa da, son y\u0131llarda d\u00fcnyada albicans d\u0131\u015f\u0131 t\u00fcrlerin s\u0131kl\u0131\u011f\u0131n\u0131n, flukonazol duyarl\u0131l\u0131\u011f\u0131nda azalmayla birlikte, giderek artt\u0131\u011f\u0131 ve Candida auris gibi yeni t\u00fcrlerin ortaya \u00e7\u0131kt\u0131\u011f\u0131; Aspergillus ve [&hellip;]<\/p>\n","protected":false},"author":0,"featured_media":0,"comment_status":"","ping_status":"","sticky":false,"template":"","format":"standard","meta":{"_acf_changed":false,"footnotes":""},"categories":[5127],"tags":[2660,4891,3474],"class_list":["post-14195","post","type-post","status-publish","format-standard","hentry","category-derleme","tag-epidemiyoloji","tag-invazif-fungal-infeksiyonlar","tag-risk-faktorleri"],"acf":[],"_links":{"self":[{"href":"https:\/\/www.klimikdergisi.org\/tr\/wp-json\/wp\/v2\/posts\/14195","targetHints":{"allow":["GET"]}}],"collection":[{"href":"https:\/\/www.klimikdergisi.org\/tr\/wp-json\/wp\/v2\/posts"}],"about":[{"href":"https:\/\/www.klimikdergisi.org\/tr\/wp-json\/wp\/v2\/types\/post"}],"replies":[{"embeddable":true,"href":"https:\/\/www.klimikdergisi.org\/tr\/wp-json\/wp\/v2\/comments?post=14195"}],"version-history":[{"count":0,"href":"https:\/\/www.klimikdergisi.org\/tr\/wp-json\/wp\/v2\/posts\/14195\/revisions"}],"wp:attachment":[{"href":"https:\/\/www.klimikdergisi.org\/tr\/wp-json\/wp\/v2\/media?parent=14195"}],"wp:term":[{"taxonomy":"category","embeddable":true,"href":"https:\/\/www.klimikdergisi.org\/tr\/wp-json\/wp\/v2\/categories?post=14195"},{"taxonomy":"post_tag","embeddable":true,"href":"https:\/\/www.klimikdergisi.org\/tr\/wp-json\/wp\/v2\/tags?post=14195"}],"curies":[{"name":"wp","href":"https:\/\/api.w.org\/{rel}","templated":true}]}}