{"id":14123,"date":"2021-01-05T01:22:00","date_gmt":"2021-01-04T22:22:00","guid":{"rendered":"https:\/\/www.klimikdergisi.org\/\/2021\/01\/05\/safra-yolu-infeksiyonlarinin-etkenleri-ve-antibiyotige-direncli-bakteri-infeksiyonlari-icin-risk-faktorlerinin-analizi\/"},"modified":"2021-01-05T01:22:00","modified_gmt":"2021-01-04T22:22:00","slug":"safra-yolu-infeksiyonlarinin-etkenleri-ve-antibiyotige-direncli-bakteri-infeksiyonlari-icin-risk-faktorlerinin-analizi","status":"publish","type":"post","link":"https:\/\/www.klimikdergisi.org\/tr\/2021\/01\/05\/safra-yolu-infeksiyonlarinin-etkenleri-ve-antibiyotige-direncli-bakteri-infeksiyonlari-icin-risk-faktorlerinin-analizi\/","title":{"rendered":"Safra Yolu \u0130nfeksiyonlar\u0131n\u0131n Etkenleri ve Antibiyoti\u011fe Diren\u00e7li Bakteri \u0130nfeksiyonlar\u0131 \u0130\u00e7in Risk Fakt\u00f6rlerinin Analizi"},"content":{"rendered":"<p><strong>Ama\u00e7<\/strong>: Kolanjit\/kolesistit hastalar\u0131nda, antimikrobik tedavi se\u00e7iminin do\u011fru bir \u015fekilde y\u00f6nlendirilebilmesi i\u00e7in olas\u0131 etken patojenlerin ve bunlar\u0131n diren\u00e7 \u00f6zelliklerinin \u00f6ng\u00f6r\u00fclebilmesi \u00e7ok \u00f6nemlidir. Bu \u00e7al\u0131\u015fman\u0131n amac\u0131 safra yolu infeksiyonlar\u0131nda rol alan bakterileri, bu bakterilerin antibiyotiklere duyarl\u0131l\u0131klar\u0131n\u0131 ve diren\u00e7li etkenlerle infekte olan hastalardaki risk fakt\u00f6rlerini saptayarak, ampirik tedavi yakla\u015f\u0131mlar\u0131 i\u00e7in veri sa\u011flamakt\u0131r.<\/p>\n<p><strong>Y\u00f6ntemler<\/strong>: Dokuz ayl\u0131k bir s\u00fcre boyunca, primer veya bir safra yolu giri\u015fimine ba\u011fl\u0131 olarak geli\u015fen kolanjit\/kolesistit nedeniyle yat\u0131r\u0131lan hastalardan k\u00fclt\u00fcr i\u00e7in safra \u00f6rnekleri elde edilebilenler \u00e7al\u0131\u015fmaya dahil edildi. Safra k\u00fclt\u00fcrleri aerop ko\u015fullarda ink\u00fcbe edildi; antibiyotik duyarl\u0131l\u0131k testleri disk dif\u00fczyon y\u00f6ntemiyle yap\u0131ld\u0131. \u0130zole edilen su\u015flardan iki veya daha fazla antibiyotik grubuna diren\u00e7li olanlar, \u201cantibiyoti\u011fe diren\u00e7li\u201d olarak kabul edildi. Antibiyoti\u011fe diren\u00e7li bir patojenle infeksiyon geli\u015fmesi a\u00e7\u0131s\u0131ndan risk fakt\u00f6rleri, tek de\u011fi\u015fkenli analizlerle ara\u015ft\u0131r\u0131ld\u0131.<\/p>\n<p><strong>Bulgular<\/strong>: Elli sekiz hastadan elde edilen safra \u00f6rneklerinde toplam 76 bakteri su\u015fu izole edildi. Bakterilerin 30 (%39.5)\u2019u antibiyoti\u011fe diren\u00e7li grupta yer al\u0131rken bu etkenlerle infekte hastalar\u0131n say\u0131s\u0131 26 (%44.8)\u2019yd\u0131. Diren\u00e7li grupta yer alan Escherichia coli su\u015flar\u0131n\u0131n hepsi geni\u015flemi\u015f spektrumlu \u03b2-laktamaz olu\u015ftururken, karbapenem direnci sadece Pseudomonas aeruginosa su\u015flar\u0131nda g\u00f6r\u00fcld\u00fc. Hastan\u0131n tan\u0131 \u00f6ncesindeki 3 ay i\u00e7erisinde antibiyotik kullan\u0131lm\u0131\u015f olmas\u0131 (p=0.01) ve o infeksiyon ata\u011f\u0131ndan \u00f6nce hastanede yat\u0131\u015f s\u00fcresi (p=0.03), antibiyoti\u011fe diren\u00e7li etkenle kolanjit geli\u015fimi a\u00e7\u0131s\u0131ndan risk fakt\u00f6rleri olarak tan\u0131mland\u0131.<\/p>\n<p><strong>Sonu\u00e7lar<\/strong>: Kolanjit\/kolesistit hastalar\u0131n\u0131n ampirik tedavilerini uygun \u015fekilde y\u00f6nlendirebilmek i\u00e7in bu infeksiyonlara neden olan etkenlerin antibiyotiklere duyarl\u0131l\u0131k \u00f6zellikleri yak\u0131ndan izlenmeli ve son 3 ay i\u00e7inde antibiyotik kullanma \u00f6yk\u00fcs\u00fc olan veya infeksiyon ata\u011f\u0131 \u00f6ncesinde hastanede yat\u0131\u015f s\u00fcresi uzun olan hastalarda antibiyoti\u011fe diren\u00e7li patojenlerin etken olabilece\u011fi ak\u0131lda tutulmal\u0131d\u0131r. Klimik Dergisi 2019; 32(3): 329-34.<\/p>\n<p><strong>Cite this article as<\/strong>: Ba\u015faran S, \u00d6zs\u00fct H, \u00c7a\u011fatay A, Eraksoy H. [Biliary tract infections: Causative agents and analysis of risk factors for infections with drug-resistant bacteria]. Klimik Derg. 2019; 32(3): 329-34. Turkish.<\/p>\n","protected":false},"excerpt":{"rendered":"<p>Ama\u00e7: Kolanjit\/kolesistit hastalar\u0131nda, antimikrobik tedavi se\u00e7iminin do\u011fru bir \u015fekilde y\u00f6nlendirilebilmesi i\u00e7in olas\u0131 etken patojenlerin ve bunlar\u0131n diren\u00e7 \u00f6zelliklerinin \u00f6ng\u00f6r\u00fclebilmesi \u00e7ok \u00f6nemlidir. Bu \u00e7al\u0131\u015fman\u0131n amac\u0131 safra yolu infeksiyonlar\u0131nda rol alan bakterileri, bu bakterilerin antibiyotiklere duyarl\u0131l\u0131klar\u0131n\u0131 ve diren\u00e7li etkenlerle infekte olan hastalardaki risk fakt\u00f6rlerini saptayarak, ampirik tedavi yakla\u015f\u0131mlar\u0131 i\u00e7in veri sa\u011flamakt\u0131r. Y\u00f6ntemler: Dokuz ayl\u0131k bir s\u00fcre boyunca, [&hellip;]<\/p>\n","protected":false},"author":0,"featured_media":0,"comment_status":"","ping_status":"","sticky":false,"template":"","format":"standard","meta":{"_acf_changed":false,"footnotes":""},"categories":[5129],"tags":[3714,2627,4940],"class_list":["post-14123","post","type-post","status-publish","format-standard","hentry","category-ozgun-arastirma","tag-kolanjit","tag-kolesistit","tag-safra-kulturu"],"acf":[],"_links":{"self":[{"href":"https:\/\/www.klimikdergisi.org\/tr\/wp-json\/wp\/v2\/posts\/14123","targetHints":{"allow":["GET"]}}],"collection":[{"href":"https:\/\/www.klimikdergisi.org\/tr\/wp-json\/wp\/v2\/posts"}],"about":[{"href":"https:\/\/www.klimikdergisi.org\/tr\/wp-json\/wp\/v2\/types\/post"}],"replies":[{"embeddable":true,"href":"https:\/\/www.klimikdergisi.org\/tr\/wp-json\/wp\/v2\/comments?post=14123"}],"version-history":[{"count":0,"href":"https:\/\/www.klimikdergisi.org\/tr\/wp-json\/wp\/v2\/posts\/14123\/revisions"}],"wp:attachment":[{"href":"https:\/\/www.klimikdergisi.org\/tr\/wp-json\/wp\/v2\/media?parent=14123"}],"wp:term":[{"taxonomy":"category","embeddable":true,"href":"https:\/\/www.klimikdergisi.org\/tr\/wp-json\/wp\/v2\/categories?post=14123"},{"taxonomy":"post_tag","embeddable":true,"href":"https:\/\/www.klimikdergisi.org\/tr\/wp-json\/wp\/v2\/tags?post=14123"}],"curies":[{"name":"wp","href":"https:\/\/api.w.org\/{rel}","templated":true}]}}