{"id":14099,"date":"2021-01-05T01:21:59","date_gmt":"2021-01-04T22:21:59","guid":{"rendered":"https:\/\/www.klimikdergisi.org\/\/2021\/01\/05\/izmir-ilinde-dusuk-ve-orta-sosyoekonomik-duzeydeki-bir-bolgede-hepatit-a-seroprevalansi-bir-saha-calismasi-sonuclari\/"},"modified":"2021-01-05T01:21:59","modified_gmt":"2021-01-04T22:21:59","slug":"izmir-ilinde-dusuk-ve-orta-sosyoekonomik-duzeydeki-bir-bolgede-hepatit-a-seroprevalansi-bir-saha-calismasi-sonuclari","status":"publish","type":"post","link":"https:\/\/www.klimikdergisi.org\/tr\/2021\/01\/05\/izmir-ilinde-dusuk-ve-orta-sosyoekonomik-duzeydeki-bir-bolgede-hepatit-a-seroprevalansi-bir-saha-calismasi-sonuclari\/","title":{"rendered":"\u0130zmir \u0130linde D\u00fc\u015f\u00fck ve Orta Sosyoekonomik D\u00fczeydeki Bir B\u00f6lgede Hepatit A Seroprevalans\u0131: Bir Saha \u00c7al\u0131\u015fmas\u0131 Sonu\u00e7lar\u0131"},"content":{"rendered":"<p><strong>Ama\u00e7<\/strong>: Bu \u00e7al\u0131\u015fmada \u0130zmir ilinde d\u00fc\u015f\u00fck ve orta sosyoekonomik d\u00fczeyde olan bir b\u00f6lgede farkl\u0131 ya\u015f gruplar\u0131nda hepatit A seroprevalans\u0131n\u0131n prospektif bir saha \u00e7al\u0131\u015fmas\u0131yla ara\u015ft\u0131r\u0131lmas\u0131 ama\u00e7lanm\u0131\u015ft\u0131r.<\/p>\n<p><strong>Y\u00f6ntemler<\/strong>: Bu \u00e7al\u0131\u015fma, Eyl\u00fcl 2015-Eyl\u00fcl 2016 tarihleri aras\u0131nda yap\u0131lm\u0131\u015ft\u0131r. G\u00f6n\u00fcll\u00fc ki\u015filerin (\u00e7ocuklar i\u00e7in velilerinin) g\u00f6n\u00fcll\u00fc onam formlar\u0131n\u0131n al\u0131nmas\u0131n\u0131 takiben bireylerden 6 ml kan \u00f6rne\u011fi al\u0131narak enzim imm\u00fcnoessey y\u00f6ntemiyle anti-HAV IgG varl\u0131\u011f\u0131 ara\u015ft\u0131r\u0131lm\u0131\u015ft\u0131r. On alt\u0131 ya\u015f ve \u00fczerindeki bireylere refah d\u00fczeylerini belirlemek amac\u0131yla World Health Survey\u2019de kullan\u0131lan refah d\u00fczeyi g\u00f6stergelerini i\u00e7eren bir anket uygulanm\u0131\u015ft\u0131r. Elde edilen t\u00fcm veriler, analiz i\u00e7in IBM SPSS Statistics for Windows, Version 21.0 (IBM Corp., Armonk, NY, ABD) bilgisayar program\u0131na kaydedilmi\u015ftir.<\/p>\n<p><strong>Bulgular<\/strong>: \u00c7al\u0131\u015fmaya 1336 birey kat\u0131lm\u0131\u015f olup kat\u0131l\u0131mc\u0131lar\u0131n 989 (%74)\u2019unda anti-HAV IgG seropozitifli\u011fi saptanm\u0131\u015ft\u0131r. Seropozitiflik oran\u0131 \u22644 ya\u015f grubunda %87.5 iken bu oran 5-9 ya\u015f grubunda %28, 10-14 ya\u015f grubunda %20.8, 15-19 ya\u015f grubunda %28.9\u2019dur. \u226520 ya\u015f\u0131ndaki anti-HAV IgG seropozitifli\u011fi %54 iken, 55 ya\u015f ve \u00fczerindeki bireylerde %95.8\u2019dir. 851 ki\u015fi sosyoekonomik d\u00fczeyle ilgili sorular\u0131 eksiksiz yan\u0131tlam\u0131\u015ft\u0131r. Bu bireylerin sosyoekonomik durumlar\u0131 a\u00e7\u0131s\u0131ndan %32.9\u2019unun d\u00fc\u015f\u00fck, %51.8\u2019inin orta ve %15.3\u2019\u00fcn\u00fcn y\u00fcksek d\u00fczeyde olduklar\u0131 saptanm\u0131\u015ft\u0131r. Anketi eksiksiz yan\u0131tlayan bireylerin %81.8&#39;inde hepatit A seropozitifli\u011fi saptanm\u0131\u015ft\u0131r. Sosyoekonomik d\u00fczeyle hepatit A seropozitifli\u011fi aras\u0131nda istatistiksel ili\u015fki saptanm\u0131\u015ft\u0131r (p=0.005).<\/p>\n<p><strong>Sonu\u00e7lar<\/strong>: \u00c7al\u0131\u015fmam\u0131zda \u22644 ya\u015f\u0131ndaki \u00e7ocuklarda seropozitiflik oran\u0131 y\u00fcksek bulunmu\u015ftur. Ancak sosyoekonomik d\u00fczeyi orta ve d\u00fc\u015f\u00fck bir \u00e7al\u0131\u015fma evrenimiz oldu\u011fu halde, \u22655 ya\u015f\u0131ndaki \u00e7ocuklar, adolesanlar ve gen\u00e7 eri\u015fkin bireylerde seronegatiflik oran\u0131 belirgin \u015fekilde y\u00fcksek saptanm\u0131\u015f olup, bu durum epidemiyolojik de\u011fi\u015fikli\u011fin yans\u0131mas\u0131 olarak de\u011ferlendirilmi\u015ftir. A\u015f\u0131 uygulamalar\u0131nda bu durumun g\u00f6z \u00f6n\u00fcne al\u0131nmas\u0131 gerekti\u011fi d\u00fc\u015f\u00fcn\u00fclm\u00fc\u015ft\u00fcr. Klimik Dergisi 2019; 32(3): 310-4.<\/p>\n<p><strong>Cite this article as<\/strong>: \u00c7al\u0131k \u015e, Tosun S, Ar\u0131 A, et al. [Hepatitis A seroprevalence in different age groups in a region with low and moderate socioeconomic level in Izmir province: results of a fieldwork]. Klimik Derg. 2019; 32(3): 310-4. Turkish.<\/p>\n","protected":false},"excerpt":{"rendered":"<p>Ama\u00e7: Bu \u00e7al\u0131\u015fmada \u0130zmir ilinde d\u00fc\u015f\u00fck ve orta sosyoekonomik d\u00fczeyde olan bir b\u00f6lgede farkl\u0131 ya\u015f gruplar\u0131nda hepatit A seroprevalans\u0131n\u0131n prospektif bir saha \u00e7al\u0131\u015fmas\u0131yla ara\u015ft\u0131r\u0131lmas\u0131 ama\u00e7lanm\u0131\u015ft\u0131r. Y\u00f6ntemler: Bu \u00e7al\u0131\u015fma, Eyl\u00fcl 2015-Eyl\u00fcl 2016 tarihleri aras\u0131nda yap\u0131lm\u0131\u015ft\u0131r. G\u00f6n\u00fcll\u00fc ki\u015filerin (\u00e7ocuklar i\u00e7in velilerinin) g\u00f6n\u00fcll\u00fc onam formlar\u0131n\u0131n al\u0131nmas\u0131n\u0131 takiben bireylerden 6 ml kan \u00f6rne\u011fi al\u0131narak enzim imm\u00fcnoessey y\u00f6ntemiyle anti-HAV IgG [&hellip;]<\/p>\n","protected":false},"author":0,"featured_media":0,"comment_status":"","ping_status":"","sticky":false,"template":"","format":"standard","meta":{"_acf_changed":false,"footnotes":""},"categories":[5129],"tags":[2937,4949,4295],"class_list":["post-14099","post","type-post","status-publish","format-standard","hentry","category-ozgun-arastirma","tag-hepatit-a","tag-izmir","tag-seroepidemiyolojik-calismalar"],"acf":[],"_links":{"self":[{"href":"https:\/\/www.klimikdergisi.org\/tr\/wp-json\/wp\/v2\/posts\/14099","targetHints":{"allow":["GET"]}}],"collection":[{"href":"https:\/\/www.klimikdergisi.org\/tr\/wp-json\/wp\/v2\/posts"}],"about":[{"href":"https:\/\/www.klimikdergisi.org\/tr\/wp-json\/wp\/v2\/types\/post"}],"replies":[{"embeddable":true,"href":"https:\/\/www.klimikdergisi.org\/tr\/wp-json\/wp\/v2\/comments?post=14099"}],"version-history":[{"count":0,"href":"https:\/\/www.klimikdergisi.org\/tr\/wp-json\/wp\/v2\/posts\/14099\/revisions"}],"wp:attachment":[{"href":"https:\/\/www.klimikdergisi.org\/tr\/wp-json\/wp\/v2\/media?parent=14099"}],"wp:term":[{"taxonomy":"category","embeddable":true,"href":"https:\/\/www.klimikdergisi.org\/tr\/wp-json\/wp\/v2\/categories?post=14099"},{"taxonomy":"post_tag","embeddable":true,"href":"https:\/\/www.klimikdergisi.org\/tr\/wp-json\/wp\/v2\/tags?post=14099"}],"curies":[{"name":"wp","href":"https:\/\/api.w.org\/{rel}","templated":true}]}}