{"id":14051,"date":"2021-01-05T01:21:52","date_gmt":"2021-01-04T22:21:52","guid":{"rendered":"https:\/\/www.klimikdergisi.org\/\/2021\/01\/05\/saglik-calisanlarinin-kendilerine-yonelik-uygulanmasi-gereken-asilara-karsi-tutum-ve-davranislari\/"},"modified":"2021-01-05T01:21:52","modified_gmt":"2021-01-04T22:21:52","slug":"saglik-calisanlarinin-kendilerine-yonelik-uygulanmasi-gereken-asilara-karsi-tutum-ve-davranislari","status":"publish","type":"post","link":"https:\/\/www.klimikdergisi.org\/tr\/2021\/01\/05\/saglik-calisanlarinin-kendilerine-yonelik-uygulanmasi-gereken-asilara-karsi-tutum-ve-davranislari\/","title":{"rendered":"Sa\u011fl\u0131k \u00c7al\u0131\u015fanlar\u0131n\u0131n Kendilerine Y\u00f6nelik Uygulanmas\u0131 Gereken A\u015f\u0131lara Kar\u015f\u0131 Tutum ve Davran\u0131\u015flar\u0131"},"content":{"rendered":"<p><strong>Ama\u00e7<\/strong>: \u00dclkemizde t\u00fcm sa\u011fl\u0131k \u00e7al\u0131\u015fanlar\u0131na y\u00f6nelik mevsimsel grip, tetanos, hepatit B, k\u0131zam\u0131k-k\u0131zam\u0131k\u00e7\u0131k-kabakulak (KKK) ve su\u00e7i\u00e7e\u011fi a\u015f\u0131s\u0131 \u00f6nerilmekteyse de sa\u011fl\u0131k \u00e7al\u0131\u015fanlar\u0131 i\u00e7in y\u00fcr\u00fcrl\u00fckte olan zorunlu bir a\u015f\u0131lama \u015femas\u0131 yoktur. Bu \u00e7al\u0131\u015fmada sa\u011fl\u0131k \u00e7al\u0131\u015fanlar\u0131n\u0131n kendilerine y\u00f6nelik uygulanmas\u0131 gerekli a\u015f\u0131lara kar\u015f\u0131 tutum ve davran\u0131\u015flar\u0131n\u0131n saptanmas\u0131 ama\u00e7lanmaktad\u0131r.<\/p>\n<p><strong>Y\u00f6ntemler<\/strong>: Kesitsel tipteki bu \u00e7al\u0131\u015fmada Pamukkale \u00dcniversitesi T\u0131p Fak\u00fcltesi\u2019nde \u00e7al\u0131\u015fmakta olan 488 hekim ve hem\u015fire \u00e7al\u0131\u015fmaya kat\u0131lm\u0131\u015ft\u0131r. Kat\u0131l\u0131m oran\u0131 %88.6\u2019d\u0131r. Kat\u0131l\u0131mc\u0131lara sosyodemografik \u00f6zelliklerini ve kendilerine uygulanmas\u0131 gerekli a\u015f\u0131lara kar\u015f\u0131 tutum ve a\u015f\u0131 yapt\u0131rma davran\u0131\u015flar\u0131n\u0131 sorgulamaya y\u00f6nelik bir anket uygulanm\u0131\u015ft\u0131r. Veri analizinde tan\u0131mlay\u0131c\u0131 istatistikler, \u03c72, Mann-Whitney U ve Kruskal-Wallis testleri kullan\u0131lm\u0131\u015f ve \u00e7oklu analizler yap\u0131lm\u0131\u015ft\u0131r.<\/p>\n<p><strong>Bulgular<\/strong>: Kat\u0131l\u0131mc\u0131lar\u0131n tutum puan ortalamas\u0131 (\u00b1SS) 19.9\u00b12.5\u2019tir. Her y\u0131l mevsimsel grip a\u015f\u0131s\u0131 yapt\u0131ranlar\u0131n oran\u0131 %4.8; \u00fc\u00e7 doz hepatit B ve tetanos a\u015f\u0131s\u0131 yapt\u0131ranlar\u0131n oran\u0131 s\u0131ras\u0131yla %82.9 ve %67.4; iki doz KKK a\u015f\u0131s\u0131 ve su\u00e7i\u00e7e\u011fi a\u015f\u0131s\u0131 yapt\u0131ranlar\u0131n oran\u0131 s\u0131ras\u0131yla %56.0 ve %40.8 olarak saptanm\u0131\u015ft\u0131r. Her y\u0131l mevsimsel grip a\u015f\u0131s\u0131 yapt\u0131rmama i\u00e7in ara\u015ft\u0131rma g\u00f6revlisi olma (OR: 9.7, %95 GA: 3.0-31.9, p&lt;0.001) ve hem\u015fire olma (OR: 12.4, %95 GA: 4.4-34.7, p&lt;0.001) risk fakt\u00f6r\u00fc olarak saptanm\u0131\u015ft\u0131r. \u00dc\u00e7 doz hepatit B a\u015f\u0131 serisini tamamlamama i\u00e7in a\u015f\u0131ya kar\u015f\u0131 tutum puan\u0131 (OR: 0.8, %95 GA: 0.8-0.9, p=0.005) koruyucu fakt\u00f6r, hem\u015fire olma (OR: 2.2, %95 GA: 1.1-4.0, p=0.012) ve \u00f6\u011fretim \u00fcyesi olma (OR: 3.3, %95 GA: 1.4-7.4, p=0.004) ise risk fakt\u00f6r\u00fc olarak saptanm\u0131\u015ft\u0131r. \u0130ki doz KKK a\u015f\u0131 serisini tamamlamama i\u00e7in ya\u015f (OR: 1.06, %95 GA: 1.04-1.09, p&lt;0.001) ve hem\u015fire olma (OR: 2.2, %95 GA: 1.5-3.3, p&lt;0.001) risk fakt\u00f6r\u00fc olarak saptanm\u0131\u015ft\u0131r. \u0130ki doz su\u00e7i\u00e7e\u011fi a\u015f\u0131 serisini tamamlamama i\u00e7in ya\u015f (OR: 1.08, %95 GA: 1.05-1.10, p&lt;0.001) ve evde 65 ya\u015f \u00fczeri birey olmas\u0131 (OR: 2.2, %95 GA: 1.06-4.8, p=0.035) risk fakt\u00f6r\u00fc olarak saptanm\u0131\u015ft\u0131r.<\/p>\n<p><strong>Sonu\u00e7lar<\/strong>: Sa\u011fl\u0131k \u00e7al\u0131\u015fanlar\u0131n\u0131n kendilerine uygulanmas\u0131 gerekli a\u015f\u0131lara kar\u015f\u0131 tutumlar\u0131 ve a\u015f\u0131 yapt\u0131rma davran\u0131\u015flar\u0131 olumlu olmakla birlikte a\u015f\u0131lanma oranlar\u0131 istenen d\u00fczeyde de\u011fildir. Sa\u011fl\u0131k \u00e7al\u0131\u015fanlar\u0131n\u0131n a\u015f\u0131lanma oranlar\u0131n\u0131n d\u00fc\u015f\u00fck olmas\u0131n\u0131n nedenlerini belirlemek i\u00e7in daha fazla \u00e7al\u0131\u015fma gerekmektedir.\u00a0<\/p>\n<p>Klimik Dergisi 2019; 32(3): 259-64.<\/p>\n<p><strong>Cite this article as<\/strong>: Erken RR, Ergin A. [Health care personnel\u2019s attitudes and behaviours for vaccination recommendations of health care providers]. Klimik Derg. 2019; 32(3): 259-64. Turkish.<\/p>\n","protected":false},"excerpt":{"rendered":"<p>Ama\u00e7: \u00dclkemizde t\u00fcm sa\u011fl\u0131k \u00e7al\u0131\u015fanlar\u0131na y\u00f6nelik mevsimsel grip, tetanos, hepatit B, k\u0131zam\u0131k-k\u0131zam\u0131k\u00e7\u0131k-kabakulak (KKK) ve su\u00e7i\u00e7e\u011fi a\u015f\u0131s\u0131 \u00f6nerilmekteyse de sa\u011fl\u0131k \u00e7al\u0131\u015fanlar\u0131 i\u00e7in y\u00fcr\u00fcrl\u00fckte olan zorunlu bir a\u015f\u0131lama \u015femas\u0131 yoktur. Bu \u00e7al\u0131\u015fmada sa\u011fl\u0131k \u00e7al\u0131\u015fanlar\u0131n\u0131n kendilerine y\u00f6nelik uygulanmas\u0131 gerekli a\u015f\u0131lara kar\u015f\u0131 tutum ve davran\u0131\u015flar\u0131n\u0131n saptanmas\u0131 ama\u00e7lanmaktad\u0131r. Y\u00f6ntemler: Kesitsel tipteki bu \u00e7al\u0131\u015fmada Pamukkale \u00dcniversitesi T\u0131p Fak\u00fcltesi\u2019nde \u00e7al\u0131\u015fmakta olan 488 [&hellip;]<\/p>\n","protected":false},"author":0,"featured_media":0,"comment_status":"","ping_status":"","sticky":false,"template":"","format":"standard","meta":{"_acf_changed":false,"footnotes":""},"categories":[5129],"tags":[4615,3686,4966,4262,3684],"class_list":["post-14051","post","type-post","status-publish","format-standard","hentry","category-ozgun-arastirma","tag-asilanma","tag-davranis","tag-risk-degerlendirmesi","tag-saglik-personeli","tag-tutum"],"acf":[],"_links":{"self":[{"href":"https:\/\/www.klimikdergisi.org\/tr\/wp-json\/wp\/v2\/posts\/14051","targetHints":{"allow":["GET"]}}],"collection":[{"href":"https:\/\/www.klimikdergisi.org\/tr\/wp-json\/wp\/v2\/posts"}],"about":[{"href":"https:\/\/www.klimikdergisi.org\/tr\/wp-json\/wp\/v2\/types\/post"}],"replies":[{"embeddable":true,"href":"https:\/\/www.klimikdergisi.org\/tr\/wp-json\/wp\/v2\/comments?post=14051"}],"version-history":[{"count":0,"href":"https:\/\/www.klimikdergisi.org\/tr\/wp-json\/wp\/v2\/posts\/14051\/revisions"}],"wp:attachment":[{"href":"https:\/\/www.klimikdergisi.org\/tr\/wp-json\/wp\/v2\/media?parent=14051"}],"wp:term":[{"taxonomy":"category","embeddable":true,"href":"https:\/\/www.klimikdergisi.org\/tr\/wp-json\/wp\/v2\/categories?post=14051"},{"taxonomy":"post_tag","embeddable":true,"href":"https:\/\/www.klimikdergisi.org\/tr\/wp-json\/wp\/v2\/tags?post=14051"}],"curies":[{"name":"wp","href":"https:\/\/api.w.org\/{rel}","templated":true}]}}