{"id":14033,"date":"2021-01-05T01:21:51","date_gmt":"2021-01-04T22:21:51","guid":{"rendered":"https:\/\/www.klimikdergisi.org\/\/2021\/01\/05\/kronik-periodontitli-hastalardan-izole-edilen-anaerop-bakterilerin-antibiyotik-duyarlilik-durumlarinin-arastirilmasi\/"},"modified":"2021-01-05T01:21:51","modified_gmt":"2021-01-04T22:21:51","slug":"kronik-periodontitli-hastalardan-izole-edilen-anaerop-bakterilerin-antibiyotik-duyarlilik-durumlarinin-arastirilmasi","status":"publish","type":"post","link":"https:\/\/www.klimikdergisi.org\/tr\/2021\/01\/05\/kronik-periodontitli-hastalardan-izole-edilen-anaerop-bakterilerin-antibiyotik-duyarlilik-durumlarinin-arastirilmasi\/","title":{"rendered":"Kronik Periodontitli Hastalardan \u0130zole Edilen Anaerop Bakterilerin Antibiyotik Duyarl\u0131l\u0131k Durumlar\u0131n\u0131n Ara\u015ft\u0131r\u0131lmas\u0131"},"content":{"rendered":"<p><strong>Ama\u00e7<\/strong>: Bu \u00e7al\u0131\u015fmada, Hacettepe \u00dcniversitesi, Di\u015f Hekimli\u011fi Fak\u00fcltesi, Periodontoloji Anabilim Dal\u0131\u2019na periodontolojik sorunlarla y\u00f6nlendirilmi\u015f ve kronik periodontit tan\u0131s\u0131 konmu\u015f hastalardan anaerop bakterilerin izolasyonu ve bu izolatlar\u0131n \u00e7e\u015fitli antibiyotiklere kar\u015f\u0131 duyarl\u0131l\u0131k durumlar\u0131n\u0131n ve \u03b2-laktamaz aktivitelerinin ara\u015ft\u0131r\u0131lmas\u0131 ama\u00e7lanm\u0131\u015ft\u0131r.<\/p>\n<p><strong>Y\u00f6ntemler<\/strong>: Bu ama\u00e7la 45 kronik periodontitli hastadan izole edilen 34 anaerop bakteri \u00e7al\u0131\u015fmaya dahil edilmi\u015ftir. \u0130zolatlar\u0131n tan\u0131mlanmalar\u0131nda konvansiyonel y\u00f6ntemlerin yan\u0131 s\u0131ra \u201cmatrix-assisted laser desorption ionization-time of flight\u201d k\u00fctle spektrometresi (VITEK\u00ae MS v3.0, bioM\u00e9rieux, Marcy l&#39;Etoile, Fransa) ve API 20A (bioM\u00e9rieux, Marcy l&#39;Etoile, Fransa) sistemleri de kullan\u0131lm\u0131\u015ft\u0131r. \u0130zolatlar\u0131n ampisilin, ampisilin-sulbaktam, piperasilin, piperasilin-tazobaktam, sefoksitin, seftriakson, imipenem, moksifloksasin, klindamisin, metronidazol ve tigesikline kar\u015f\u0131 in vitro duyarl\u0131l\u0131k durumlar\u0131 gradyan y\u00f6ntemiyle (Etest\u00ae, bioM\u00e9rieux, Marcy l&#39;\u00c8toile, Fransa) saptanm\u0131\u015ft\u0131r. Ayr\u0131ca, kromojenik sefalosporin (BBL\u2122 Cefinase\u2122, Becton\u00a0 Dickinson, Sparks, MD, ABD) y\u00f6ntemiyle \u03b2-laktamaz aktivitesi ara\u015ft\u0131r\u0131lm\u0131\u015ft\u0131r.<\/p>\n<p><strong>Bulgular<\/strong>: Otuz d\u00f6rt izolat\u0131n 21\u2019i Gram-negatif basil (11 Prevotella spp., 6 Porphyromonas spp., 3 Fusobacterium spp. ve 1 Capnocytophaga sp.), 7\u2019si Gram-negatif kok (Veillonella parvula), 5\u2019i ise anaerop Gram-pozitif sporsuz basil (4 Propionibacterium spp., 1 Bifidobacterium sp.) olarak tan\u0131mlanm\u0131\u015ft\u0131r. Bir Gram-negatif kokobasil ise tan\u0131mlanamam\u0131\u015ft\u0131r. Tan\u0131mlanan 33 izolat\u0131n t\u00fcm\u00fc imipenem, moksifloksasin ve tigesikline duyarl\u0131 bulunmu\u015ftur. En y\u00fcksek diren\u00e7 oranlar\u0131 ise ampisilin ve metronidazole kar\u015f\u0131 g\u00f6zlenmi\u015ftir. Ampisilin direnci \u00f6zellikle anaerop Gram-negatif basillerde saptanm\u0131\u015f olup, iki izolatta \u03b2-laktamaz aktivitesi pozitif bulunmu\u015ftur.<\/p>\n<p><strong>Sonu\u00e7lar<\/strong>: S\u0131n\u0131rl\u0131 say\u0131da izolatla ger\u00e7ekle\u015ftirilmi\u015f olmakla birlikte, bu \u00e7al\u0131\u015fman\u0131n sonu\u00e7lar\u0131 merkezimizdeki oral anaerop bakterilerin antibiyotik duyarl\u0131l\u0131k durumlar\u0131na ili\u015fkin bilgi sa\u011flamas\u0131 a\u00e7\u0131s\u0131ndan \u00f6nemlidir. Anaeroplar\u0131n duyarl\u0131l\u0131k oranlar\u0131n\u0131n \u00e7e\u015fitli merkezler aras\u0131ndaki farkl\u0131l\u0131klar\u0131 nedeniyle, her merkezin kendi diren\u00e7 paternlerini saptamas\u0131 anaerop infeksiyonlar\u0131n ampirik tedavisinde yol g\u00f6sterebilir.<\/p>\n<p>Klimik Dergisi 2019; 32(3): 240-4.<\/p>\n<p><strong>Cite this article as<\/strong>: Tun\u00e7kanat F, Sancak B, Altun B, Dursun E, Akdo\u011fan-Kittana FN. [Investigation of antibiotic susceptibilities of anaerobic bacteria isolated from patients with chronic periodontitis]. Klimik Derg. 2019; 32(3): 240-4. Turkish.<\/p>\n","protected":false},"excerpt":{"rendered":"<p>Ama\u00e7: Bu \u00e7al\u0131\u015fmada, Hacettepe \u00dcniversitesi, Di\u015f Hekimli\u011fi Fak\u00fcltesi, Periodontoloji Anabilim Dal\u0131\u2019na periodontolojik sorunlarla y\u00f6nlendirilmi\u015f ve kronik periodontit tan\u0131s\u0131 konmu\u015f hastalardan anaerop bakterilerin izolasyonu ve bu izolatlar\u0131n \u00e7e\u015fitli antibiyotiklere kar\u015f\u0131 duyarl\u0131l\u0131k durumlar\u0131n\u0131n ve \u03b2-laktamaz aktivitelerinin ara\u015ft\u0131r\u0131lmas\u0131 ama\u00e7lanm\u0131\u015ft\u0131r. Y\u00f6ntemler: Bu ama\u00e7la 45 kronik periodontitli hastadan izole edilen 34 anaerop bakteri \u00e7al\u0131\u015fmaya dahil edilmi\u015ftir. \u0130zolatlar\u0131n tan\u0131mlanmalar\u0131nda konvansiyonel y\u00f6ntemlerin [&hellip;]<\/p>\n","protected":false},"author":0,"featured_media":0,"comment_status":"","ping_status":"","sticky":false,"template":"","format":"standard","meta":{"_acf_changed":false,"footnotes":""},"categories":[5129],"tags":[4971,4973,4969],"class_list":["post-14033","post","type-post","status-publish","format-standard","hentry","category-ozgun-arastirma","tag-anaerop-bakteriler","tag-antibiyotik-duyarlilik-testleri","tag-kronik-periodontit"],"acf":[],"_links":{"self":[{"href":"https:\/\/www.klimikdergisi.org\/tr\/wp-json\/wp\/v2\/posts\/14033","targetHints":{"allow":["GET"]}}],"collection":[{"href":"https:\/\/www.klimikdergisi.org\/tr\/wp-json\/wp\/v2\/posts"}],"about":[{"href":"https:\/\/www.klimikdergisi.org\/tr\/wp-json\/wp\/v2\/types\/post"}],"replies":[{"embeddable":true,"href":"https:\/\/www.klimikdergisi.org\/tr\/wp-json\/wp\/v2\/comments?post=14033"}],"version-history":[{"count":0,"href":"https:\/\/www.klimikdergisi.org\/tr\/wp-json\/wp\/v2\/posts\/14033\/revisions"}],"wp:attachment":[{"href":"https:\/\/www.klimikdergisi.org\/tr\/wp-json\/wp\/v2\/media?parent=14033"}],"wp:term":[{"taxonomy":"category","embeddable":true,"href":"https:\/\/www.klimikdergisi.org\/tr\/wp-json\/wp\/v2\/categories?post=14033"},{"taxonomy":"post_tag","embeddable":true,"href":"https:\/\/www.klimikdergisi.org\/tr\/wp-json\/wp\/v2\/tags?post=14033"}],"curies":[{"name":"wp","href":"https:\/\/api.w.org\/{rel}","templated":true}]}}