{"id":14015,"date":"2021-01-05T01:21:50","date_gmt":"2021-01-04T22:21:50","guid":{"rendered":"https:\/\/www.klimikdergisi.org\/\/2021\/01\/05\/sarbon-modern-cagda-kendini-unutturmayan-hastalik\/"},"modified":"2021-01-05T01:21:50","modified_gmt":"2021-01-04T22:21:50","slug":"sarbon-modern-cagda-kendini-unutturmayan-hastalik","status":"publish","type":"post","link":"https:\/\/www.klimikdergisi.org\/tr\/2021\/01\/05\/sarbon-modern-cagda-kendini-unutturmayan-hastalik\/","title":{"rendered":"\u015earbon: Modern \u00c7a\u011fda Kendini Unutturmayan Hastal\u0131k"},"content":{"rendered":"<p>\u015earbon bilinen en eski zoonotik hastal\u0131klardan biridir. S\u0131kl\u0131\u011f\u0131 d\u00fcnyada ve \u00fclkemizde giderek azalmaktad\u0131r. Etkenin giri\u015f yerine ba\u011fl\u0131 olarak farkl\u0131 klinik tablolar ortaya \u00e7\u0131kmaktad\u0131r. G\u00fcn\u00fcm\u00fczde geli\u015fmekte olan \u00fclkelerde infekte hayvanlardan bula\u015fan bir zoonoz olarak varl\u0131\u011f\u0131n\u0131 s\u00fcrd\u00fcr\u00fcrken, gerek geli\u015fmi\u015f gerekse geli\u015fmekte olan \u00fclkelerde biyoter\u00f6rizmle ili\u015fkili k\u00fcresel bir tehdit olmay\u0131 da s\u00fcrd\u00fcrmektedir. Bu derlemede \u00fclkemizdeki varl\u0131\u011f\u0131n\u0131 korumakta olan \u015farbonun g\u00fcncel durumu g\u00f6zden ge\u00e7irilmektedir. Klimik Dergisi 2019; 32(3): 222-8.<\/p>\n<p><strong>Cite this article as<\/strong>: Kadanal\u0131 A, \u00d6zel AS. [Anthrax: Unforgettable disease in the modern era]. Klimik Derg. 2019; 32(3): 222-8. Turkish.<\/p>\n","protected":false},"excerpt":{"rendered":"<p>\u015earbon bilinen en eski zoonotik hastal\u0131klardan biridir. S\u0131kl\u0131\u011f\u0131 d\u00fcnyada ve \u00fclkemizde giderek azalmaktad\u0131r. Etkenin giri\u015f yerine ba\u011fl\u0131 olarak farkl\u0131 klinik tablolar ortaya \u00e7\u0131kmaktad\u0131r. G\u00fcn\u00fcm\u00fczde geli\u015fmekte olan \u00fclkelerde infekte hayvanlardan bula\u015fan bir zoonoz olarak varl\u0131\u011f\u0131n\u0131 s\u00fcrd\u00fcr\u00fcrken, gerek geli\u015fmi\u015f gerekse geli\u015fmekte olan \u00fclkelerde biyoter\u00f6rizmle ili\u015fkili k\u00fcresel bir tehdit olmay\u0131 da s\u00fcrd\u00fcrmektedir. Bu derlemede \u00fclkemizdeki varl\u0131\u011f\u0131n\u0131 korumakta olan [&hellip;]<\/p>\n","protected":false},"author":0,"featured_media":0,"comment_status":"","ping_status":"","sticky":false,"template":"","format":"standard","meta":{"_acf_changed":false,"footnotes":""},"categories":[5127],"tags":[4981,4400,4330],"class_list":["post-14015","post","type-post","status-publish","format-standard","hentry","category-derleme","tag-insanlar","tag-sarbon","tag-zoonozlar"],"acf":[],"_links":{"self":[{"href":"https:\/\/www.klimikdergisi.org\/tr\/wp-json\/wp\/v2\/posts\/14015","targetHints":{"allow":["GET"]}}],"collection":[{"href":"https:\/\/www.klimikdergisi.org\/tr\/wp-json\/wp\/v2\/posts"}],"about":[{"href":"https:\/\/www.klimikdergisi.org\/tr\/wp-json\/wp\/v2\/types\/post"}],"replies":[{"embeddable":true,"href":"https:\/\/www.klimikdergisi.org\/tr\/wp-json\/wp\/v2\/comments?post=14015"}],"version-history":[{"count":0,"href":"https:\/\/www.klimikdergisi.org\/tr\/wp-json\/wp\/v2\/posts\/14015\/revisions"}],"wp:attachment":[{"href":"https:\/\/www.klimikdergisi.org\/tr\/wp-json\/wp\/v2\/media?parent=14015"}],"wp:term":[{"taxonomy":"category","embeddable":true,"href":"https:\/\/www.klimikdergisi.org\/tr\/wp-json\/wp\/v2\/categories?post=14015"},{"taxonomy":"post_tag","embeddable":true,"href":"https:\/\/www.klimikdergisi.org\/tr\/wp-json\/wp\/v2\/tags?post=14015"}],"curies":[{"name":"wp","href":"https:\/\/api.w.org\/{rel}","templated":true}]}}