{"id":13931,"date":"2021-01-05T01:21:44","date_gmt":"2021-01-04T22:21:44","guid":{"rendered":"https:\/\/www.klimikdergisi.org\/\/2021\/01\/05\/agri-poliklinigine-basvuran-zona-sonrasi-nevralji-gelisen-hastalarin-degerlendirilmesi\/"},"modified":"2021-01-05T01:21:44","modified_gmt":"2021-01-04T22:21:44","slug":"agri-poliklinigine-basvuran-zona-sonrasi-nevralji-gelisen-hastalarin-degerlendirilmesi","status":"publish","type":"post","link":"https:\/\/www.klimikdergisi.org\/tr\/2021\/01\/05\/agri-poliklinigine-basvuran-zona-sonrasi-nevralji-gelisen-hastalarin-degerlendirilmesi\/","title":{"rendered":"A\u011fr\u0131 Poliklini\u011fine Ba\u015fvuran Zona Sonras\u0131 Nevralji Geli\u015fen Hastalar\u0131n De\u011ferlendirilmesi"},"content":{"rendered":"<p><strong>Ama\u00e7<\/strong>: Bu \u00e7al\u0131\u015fmada zona tan\u0131s\u0131 alm\u0131\u015f ve a\u011fr\u0131lar\u0131 3 ayd\u0131r ve daha uzun s\u00fcren hastalar\u0131n \u00f6zelliklerini incelemeyi ama\u00e7lad\u0131k.<\/p>\n<p><strong>Y\u00f6ntemler<\/strong>: \u00c7al\u0131\u015fma \u0130stanbul Okmeydan\u0131 E\u011fitim ve Ara\u015ft\u0131rma Hastanesi A\u011fr\u0131 Poliklini\u011fi\u2019nde retrospektif olarak yap\u0131ld\u0131. Ocak 2010-A\u011fustos 2019 tarihleri aras\u0131nda zona tan\u0131s\u0131 alm\u0131\u015f ve a\u011fr\u0131lar\u0131 3 ayd\u0131r ve daha uzun s\u00fcren 200 hasta \u00e7al\u0131\u015fmaya dahil edildi.<\/p>\n<p><strong>Bulgular<\/strong>: \u00c7al\u0131\u015fmaya kat\u0131lan 200 hastan\u0131n 108 (%54)\u2019i kad\u0131n, 92 (%46)\u2019si erkekti. Hastalar\u0131n ya\u015flar\u0131 32 ile 92 aras\u0131nda de\u011fi\u015fmekte olup ortalama ya\u015f 68.61\u00b111.85 idi. Hastalar\u0131n ilk de\u011ferlendirmedeki \u201cvisual analogue scale\u201d skorlar\u0131 5 ile 9 aras\u0131nda, ortalamas\u0131 ise 7.02\u00b11.07 olarak bulundu. 60 (%30) hastada g\u00f6r\u00fclen diabetes mellitus, en s\u0131k e\u015flik eden hastal\u0131k olarak kaydedildi. Dermatom da\u011f\u0131l\u0131m\u0131 bak\u0131m\u0131ndan torakal b\u00f6lge 93 (%46.5) hastada en s\u0131k tutulan b\u00f6lgeydi.<\/p>\n<p><strong>Sonu\u00e7lar<\/strong>: Zona \u00fclkemiz i\u00e7in \u00f6nemli bir sa\u011fl\u0131k sorundur. Postherpetik nevralji tan\u0131s\u0131 olan hastalar\u0131n say\u0131s\u0131 artmaktad\u0131r ve bu nedenle a\u011fr\u0131 polikliniklerine ba\u015fvurular da art\u0131\u015f g\u00f6stermektedir. B\u00f6yle \u00e7ok say\u0131da poliklinik ba\u015fvurusu i\u015f y\u00fck\u00fcn\u00fcn ve sa\u011fl\u0131k harcamalar\u0131n\u0131n artmas\u0131na neden olmaktad\u0131r.<\/p>\n<p>Klimik Dergisi 2020; 33(1): 52-4.<\/p>\n<p><strong>Cite this article as<\/strong>: Bilen A. [Evaluation of patients with postherpetic neuralgia admitted to pain clinic]. Klimik Derg. 2020; 33(1): 52-4. Turkish.<\/p>\n","protected":false},"excerpt":{"rendered":"<p>Ama\u00e7: Bu \u00e7al\u0131\u015fmada zona tan\u0131s\u0131 alm\u0131\u015f ve a\u011fr\u0131lar\u0131 3 ayd\u0131r ve daha uzun s\u00fcren hastalar\u0131n \u00f6zelliklerini incelemeyi ama\u00e7lad\u0131k. Y\u00f6ntemler: \u00c7al\u0131\u015fma \u0130stanbul Okmeydan\u0131 E\u011fitim ve Ara\u015ft\u0131rma Hastanesi A\u011fr\u0131 Poliklini\u011fi\u2019nde retrospektif olarak yap\u0131ld\u0131. Ocak 2010-A\u011fustos 2019 tarihleri aras\u0131nda zona tan\u0131s\u0131 alm\u0131\u015f ve a\u011fr\u0131lar\u0131 3 ayd\u0131r ve daha uzun s\u00fcren 200 hasta \u00e7al\u0131\u015fmaya dahil edildi. Bulgular: \u00c7al\u0131\u015fmaya kat\u0131lan [&hellip;]<\/p>\n","protected":false},"author":0,"featured_media":0,"comment_status":"","ping_status":"","sticky":false,"template":"","format":"standard","meta":{"_acf_changed":false,"footnotes":""},"categories":[5129],"tags":[4522,4998,5000],"class_list":["post-13931","post","type-post","status-publish","format-standard","hentry","category-ozgun-arastirma","tag-herpes-zoster","tag-postherpetik-nevralji","tag-varisella-zoster-virusu"],"acf":[],"_links":{"self":[{"href":"https:\/\/www.klimikdergisi.org\/tr\/wp-json\/wp\/v2\/posts\/13931","targetHints":{"allow":["GET"]}}],"collection":[{"href":"https:\/\/www.klimikdergisi.org\/tr\/wp-json\/wp\/v2\/posts"}],"about":[{"href":"https:\/\/www.klimikdergisi.org\/tr\/wp-json\/wp\/v2\/types\/post"}],"replies":[{"embeddable":true,"href":"https:\/\/www.klimikdergisi.org\/tr\/wp-json\/wp\/v2\/comments?post=13931"}],"version-history":[{"count":0,"href":"https:\/\/www.klimikdergisi.org\/tr\/wp-json\/wp\/v2\/posts\/13931\/revisions"}],"wp:attachment":[{"href":"https:\/\/www.klimikdergisi.org\/tr\/wp-json\/wp\/v2\/media?parent=13931"}],"wp:term":[{"taxonomy":"category","embeddable":true,"href":"https:\/\/www.klimikdergisi.org\/tr\/wp-json\/wp\/v2\/categories?post=13931"},{"taxonomy":"post_tag","embeddable":true,"href":"https:\/\/www.klimikdergisi.org\/tr\/wp-json\/wp\/v2\/tags?post=13931"}],"curies":[{"name":"wp","href":"https:\/\/api.w.org\/{rel}","templated":true}]}}