{"id":13907,"date":"2021-01-05T01:21:42","date_gmt":"2021-01-04T22:21:42","guid":{"rendered":"https:\/\/www.klimikdergisi.org\/\/2021\/01\/05\/erciyes-universitesi-tip-fakultesi-birinci-sinif-ogrencilerinin-akilci-antibiyotik-kullanimi-konusundaki-bilgi-tutum-ve-davranislarinin-degerlendirilmesi\/"},"modified":"2021-01-05T01:21:42","modified_gmt":"2021-01-04T22:21:42","slug":"erciyes-universitesi-tip-fakultesi-birinci-sinif-ogrencilerinin-akilci-antibiyotik-kullanimi-konusundaki-bilgi-tutum-ve-davranislarinin-degerlendirilmesi","status":"publish","type":"post","link":"https:\/\/www.klimikdergisi.org\/tr\/2021\/01\/05\/erciyes-universitesi-tip-fakultesi-birinci-sinif-ogrencilerinin-akilci-antibiyotik-kullanimi-konusundaki-bilgi-tutum-ve-davranislarinin-degerlendirilmesi\/","title":{"rendered":"Erciyes \u00dcniversitesi T\u0131p Fak\u00fcltesi Birinci S\u0131n\u0131f \u00d6\u011frencilerinin Ak\u0131lc\u0131 Antibiyotik Kullan\u0131m\u0131 Konusundaki Bilgi, Tutum ve Davran\u0131\u015flar\u0131n\u0131n De\u011ferlendirilmesi"},"content":{"rendered":"<p><strong>Ama\u00e7<\/strong>: Bu \u00e7al\u0131\u015fman\u0131n amac\u0131, Erciyes \u00dcniversitesi T\u0131p Fak\u00fcltesi birinci s\u0131n\u0131f \u00f6\u011frencilerinin ak\u0131lc\u0131 antibiyotik kullan\u0131m\u0131yla ilgili de\u011ferlendirilmesidir.<\/p>\n<p><strong>Y\u00f6ntemler<\/strong>: Anket y\u00f6ntemi kullan\u0131lan bu kesitsel \u00e7al\u0131\u015fma May\u0131s 2017\u2019de yap\u0131lm\u0131\u015ft\u0131r. \u00c7al\u0131\u015fmaya kat\u0131l\u0131m oran\u0131 %96.4\u2019t\u00fcr.<\/p>\n<p><strong>Bulgular<\/strong>: \u00c7al\u0131\u015fmam\u0131za kat\u0131lan \u00f6\u011frenciler aras\u0131nda ak\u0131lc\u0131 antibiyotik kullanma terimini duymad\u0131\u011f\u0131n\u0131 s\u00f6yleyenlerin oran\u0131 %53.8, antibiyotik duyarl\u0131l\u0131k testini duymad\u0131\u011f\u0131n\u0131 s\u00f6yleyenlerin oran\u0131 %73.9 bulunmu\u015ftur. %48.6\u2019s\u0131 re\u00e7etesiz antibiyotik kulland\u0131\u011f\u0131n\u0131, %24.7\u2019si tavsiye \u00fczerine antibiyotik kullanabilece\u011fini belirtmi\u015ftir. Son alt\u0131 ay i\u00e7erisinde antibiyotik kullanma oran\u0131 %35.1\u2019dir. Son alt\u0131 ay i\u00e7inde antibiyotik kullanan \u00f6\u011frencilerin %75.4\u2019\u00fc antibiyoti\u011fi doktorun verdi\u011fini, %84.9\u2019u kulland\u0131\u011f\u0131 antibiyoti\u011fin ad\u0131n\u0131 hat\u0131rlamad\u0131\u011f\u0131n\u0131, %32.3\u2019\u00fc bu tedavi s\u00fcresini tamamlamad\u0131\u011f\u0131n\u0131 belirtmi\u015ftir. Cinsiyetlerine g\u00f6re tavsiye \u00fczerine antibiyotik kullanma durumlar\u0131 ve antibiyotik duyarl\u0131l\u0131k testini duyma aras\u0131nda istatistiksel olarak fark saptanm\u0131\u015ft\u0131r. Kad\u0131n \u00f6\u011frencilerde tavsiye \u00fczerine antibiyotik kullanma oran\u0131 %19.3 iken erkeklerde bu oran %30.6\u2019d\u0131r. Kad\u0131n \u00f6\u011frencilerin %32.1\u2019i antibiyotik duyarl\u0131l\u0131k testini duymu\u015fken erkeklerin sadece %19.4\u2019\u00fc duymu\u015ftur.<\/p>\n<p><strong>Sonu\u00e7lar<\/strong>: T\u0131p fak\u00fcltesinde okuyan \u00f6\u011frencilerin birer rol model olduklar\u0131 d\u00fc\u015f\u00fcn\u00fcld\u00fc\u011f\u00fcnde antibiyotikler konusunda daha fazla fark\u0131ndal\u0131k olu\u015fturulmas\u0131 \u00f6nemlidir.<\/p>\n<p>Klimik Dergisi 2020; 33(1): 29-35.<\/p>\n<p><strong>Cite this article as<\/strong>: Ko\u00e7yi\u011fit H, Akg\u00f6z AB, Bolat SM, Baykan Z. [Evaluation of the knowledge, attitudes and behaviours of the first-year medical students at Erciyes University about rational antibiotic usage]. Klimik Derg. 2020; 33(1): 29-35. Turkish.<\/p>\n","protected":false},"excerpt":{"rendered":"<p>Ama\u00e7: Bu \u00e7al\u0131\u015fman\u0131n amac\u0131, Erciyes \u00dcniversitesi T\u0131p Fak\u00fcltesi birinci s\u0131n\u0131f \u00f6\u011frencilerinin ak\u0131lc\u0131 antibiyotik kullan\u0131m\u0131yla ilgili de\u011ferlendirilmesidir. Y\u00f6ntemler: Anket y\u00f6ntemi kullan\u0131lan bu kesitsel \u00e7al\u0131\u015fma May\u0131s 2017\u2019de yap\u0131lm\u0131\u015ft\u0131r. \u00c7al\u0131\u015fmaya kat\u0131l\u0131m oran\u0131 %96.4\u2019t\u00fcr. Bulgular: \u00c7al\u0131\u015fmam\u0131za kat\u0131lan \u00f6\u011frenciler aras\u0131nda ak\u0131lc\u0131 antibiyotik kullanma terimini duymad\u0131\u011f\u0131n\u0131 s\u00f6yleyenlerin oran\u0131 %53.8, antibiyotik duyarl\u0131l\u0131k testini duymad\u0131\u011f\u0131n\u0131 s\u00f6yleyenlerin oran\u0131 %73.9 bulunmu\u015ftur. %48.6\u2019s\u0131 re\u00e7etesiz antibiyotik kulland\u0131\u011f\u0131n\u0131, [&hellip;]<\/p>\n","protected":false},"author":0,"featured_media":0,"comment_status":"","ping_status":"","sticky":false,"template":"","format":"standard","meta":{"_acf_changed":false,"footnotes":""},"categories":[5129],"tags":[4177,5010],"class_list":["post-13907","post","type-post","status-publish","format-standard","hentry","category-ozgun-arastirma","tag-akilci-antibiyotik-kullanimi","tag-tip-ogrencileri"],"acf":[],"_links":{"self":[{"href":"https:\/\/www.klimikdergisi.org\/tr\/wp-json\/wp\/v2\/posts\/13907","targetHints":{"allow":["GET"]}}],"collection":[{"href":"https:\/\/www.klimikdergisi.org\/tr\/wp-json\/wp\/v2\/posts"}],"about":[{"href":"https:\/\/www.klimikdergisi.org\/tr\/wp-json\/wp\/v2\/types\/post"}],"replies":[{"embeddable":true,"href":"https:\/\/www.klimikdergisi.org\/tr\/wp-json\/wp\/v2\/comments?post=13907"}],"version-history":[{"count":0,"href":"https:\/\/www.klimikdergisi.org\/tr\/wp-json\/wp\/v2\/posts\/13907\/revisions"}],"wp:attachment":[{"href":"https:\/\/www.klimikdergisi.org\/tr\/wp-json\/wp\/v2\/media?parent=13907"}],"wp:term":[{"taxonomy":"category","embeddable":true,"href":"https:\/\/www.klimikdergisi.org\/tr\/wp-json\/wp\/v2\/categories?post=13907"},{"taxonomy":"post_tag","embeddable":true,"href":"https:\/\/www.klimikdergisi.org\/tr\/wp-json\/wp\/v2\/tags?post=13907"}],"curies":[{"name":"wp","href":"https:\/\/api.w.org\/{rel}","templated":true}]}}