{"id":13883,"date":"2021-01-05T01:21:41","date_gmt":"2021-01-04T22:21:41","guid":{"rendered":"https:\/\/www.klimikdergisi.org\/\/2021\/01\/05\/covid-19-pandemisinin-dis-hekimligi-uygulamalarina-etkisi\/"},"modified":"2021-01-05T01:21:41","modified_gmt":"2021-01-04T22:21:41","slug":"covid-19-pandemisinin-dis-hekimligi-uygulamalarina-etkisi","status":"publish","type":"post","link":"https:\/\/www.klimikdergisi.org\/tr\/2021\/01\/05\/covid-19-pandemisinin-dis-hekimligi-uygulamalarina-etkisi\/","title":{"rendered":"COVID-19 Pandemisinin Di\u015f Hekimli\u011fi Uygulamalar\u0131na Etkisi"},"content":{"rendered":"<p>Yeni koronavirus hastal\u0131\u011f\u0131 (COVID-19) D\u00fcnya Sa\u011fl\u0131k \u00d6rg\u00fct\u00fc taraf\u0131ndan 11 Mart 2020 tarihinde pandemik bir hastal\u0131k olarak ilan edilmi\u015ftir. Vakalar\u0131n \u00fclkemizde g\u00f6r\u00fclmesiyle birlikte ba\u015fta sa\u011fl\u0131k \u00e7al\u0131\u015fanlar\u0131 olmak \u00fczere risk alt\u0131ndaki bireylerin korunmas\u0131yla ilgili bir\u00e7ok kaynaktan \u00e7e\u015fitli bilgiler payla\u015f\u0131lmaya ba\u015flanm\u0131\u015ft\u0131r. Hastal\u0131ktan korunmada gereken sosyal mesafenin di\u015f hekimli\u011fi uygulamalar\u0131nda sa\u011flanamamas\u0131 ve klinik i\u015flemler s\u0131ras\u0131nda olu\u015fan aerosol ve damlac\u0131klar yoluyla COVID-19\u2019dan sorumlu SARS-CoV-2\u2019nin bula\u015fma olas\u0131l\u0131\u011f\u0131 nedeniyle di\u015f hekimlerinin y\u00fcksek risk grubunu olu\u015fturdu\u011fu \u00f6ng\u00f6r\u00fclmektedir. Bu derlemede, di\u015f hekimli\u011finde COVID-19 bula\u015fma riskleri, genel korunma prensipleri, elektif tedaviler d\u0131\u015f\u0131ndaki acil tedavi s\u0131n\u0131rlar\u0131n\u0131n neler oldu\u011fu ve di\u015f hekimli\u011fi hastaneleri ve kliniklerinde konuya ili\u015fkin mali ve etik sorunlar g\u00fcncel literat\u00fcr e\u015fli\u011finde irdelenmi\u015f ve \u00f6neriler getirilmi\u015ftir.<\/p>\n<p>Klimik Dergisi 2020; 33(1): 5-14.<\/p>\n<p><strong>Cite this article as<\/strong>: Soysal F, \u0130\u015fler S\u00c7, Peker \u0130, Akca G, \u00d6zmeri\u00e7 N, \u00dcnsal B. [The impact of COVID-19 pandemic on dentistry practices]. Klimik Derg. 2020; 33(1): 5-14. Turkish.<\/p>\n","protected":false},"excerpt":{"rendered":"<p>Yeni koronavirus hastal\u0131\u011f\u0131 (COVID-19) D\u00fcnya Sa\u011fl\u0131k \u00d6rg\u00fct\u00fc taraf\u0131ndan 11 Mart 2020 tarihinde pandemik bir hastal\u0131k olarak ilan edilmi\u015ftir. Vakalar\u0131n \u00fclkemizde g\u00f6r\u00fclmesiyle birlikte ba\u015fta sa\u011fl\u0131k \u00e7al\u0131\u015fanlar\u0131 olmak \u00fczere risk alt\u0131ndaki bireylerin korunmas\u0131yla ilgili bir\u00e7ok kaynaktan \u00e7e\u015fitli bilgiler payla\u015f\u0131lmaya ba\u015flanm\u0131\u015ft\u0131r. Hastal\u0131ktan korunmada gereken sosyal mesafenin di\u015f hekimli\u011fi uygulamalar\u0131nda sa\u011flanamamas\u0131 ve klinik i\u015flemler s\u0131ras\u0131nda olu\u015fan aerosol ve damlac\u0131klar [&hellip;]<\/p>\n","protected":false},"author":0,"featured_media":0,"comment_status":"","ping_status":"","sticky":false,"template":"","format":"standard","meta":{"_acf_changed":false,"footnotes":""},"categories":[5127],"tags":[5019,5021,4372,5020],"class_list":["post-13883","post","type-post","status-publish","format-standard","hentry","category-derleme","tag-covid19","tag-dis-hekimligi-uygulamalari","tag-infeksiyon-kontrolu","tag-sarscov2"],"acf":[],"_links":{"self":[{"href":"https:\/\/www.klimikdergisi.org\/tr\/wp-json\/wp\/v2\/posts\/13883","targetHints":{"allow":["GET"]}}],"collection":[{"href":"https:\/\/www.klimikdergisi.org\/tr\/wp-json\/wp\/v2\/posts"}],"about":[{"href":"https:\/\/www.klimikdergisi.org\/tr\/wp-json\/wp\/v2\/types\/post"}],"replies":[{"embeddable":true,"href":"https:\/\/www.klimikdergisi.org\/tr\/wp-json\/wp\/v2\/comments?post=13883"}],"version-history":[{"count":0,"href":"https:\/\/www.klimikdergisi.org\/tr\/wp-json\/wp\/v2\/posts\/13883\/revisions"}],"wp:attachment":[{"href":"https:\/\/www.klimikdergisi.org\/tr\/wp-json\/wp\/v2\/media?parent=13883"}],"wp:term":[{"taxonomy":"category","embeddable":true,"href":"https:\/\/www.klimikdergisi.org\/tr\/wp-json\/wp\/v2\/categories?post=13883"},{"taxonomy":"post_tag","embeddable":true,"href":"https:\/\/www.klimikdergisi.org\/tr\/wp-json\/wp\/v2\/tags?post=13883"}],"curies":[{"name":"wp","href":"https:\/\/api.w.org\/{rel}","templated":true}]}}