{"id":13871,"date":"2021-01-05T01:21:40","date_gmt":"2021-01-04T22:21:40","guid":{"rendered":"https:\/\/www.klimikdergisi.org\/\/2021\/01\/05\/covid-19-pandemisi-ilk-dort-ayi-geride-birakirken\/"},"modified":"2021-01-05T01:21:40","modified_gmt":"2021-01-04T22:21:40","slug":"covid-19-pandemisi-ilk-dort-ayi-geride-birakirken","status":"publish","type":"post","link":"https:\/\/www.klimikdergisi.org\/tr\/2021\/01\/05\/covid-19-pandemisi-ilk-dort-ayi-geride-birakirken\/","title":{"rendered":"COVID-19 Pandemisi: \u0130lk D\u00f6rt Ay\u0131 Geride B\u0131rak\u0131rken"},"content":{"rendered":"<p><strong>Cite this article as<\/strong>: Eraksoy H. [COVID-19 pandemic: Leaving first four months behind]. Klimik Derg. 2020; 33(1): 1. Turkish.<\/p>\n","protected":false},"excerpt":{"rendered":"<p>Cite this article as: Eraksoy H. [COVID-19 pandemic: Leaving first four months behind]. Klimik Derg. 2020; 33(1): 1. Turkish.<\/p>\n","protected":false},"author":0,"featured_media":0,"comment_status":"","ping_status":"","sticky":false,"template":"","format":"standard","meta":{"_acf_changed":false,"footnotes":""},"categories":[5137],"tags":[],"class_list":["post-13871","post","type-post","status-publish","format-standard","hentry","category-editor-gorusu"],"acf":[],"_links":{"self":[{"href":"https:\/\/www.klimikdergisi.org\/tr\/wp-json\/wp\/v2\/posts\/13871","targetHints":{"allow":["GET"]}}],"collection":[{"href":"https:\/\/www.klimikdergisi.org\/tr\/wp-json\/wp\/v2\/posts"}],"about":[{"href":"https:\/\/www.klimikdergisi.org\/tr\/wp-json\/wp\/v2\/types\/post"}],"replies":[{"embeddable":true,"href":"https:\/\/www.klimikdergisi.org\/tr\/wp-json\/wp\/v2\/comments?post=13871"}],"version-history":[{"count":0,"href":"https:\/\/www.klimikdergisi.org\/tr\/wp-json\/wp\/v2\/posts\/13871\/revisions"}],"wp:attachment":[{"href":"https:\/\/www.klimikdergisi.org\/tr\/wp-json\/wp\/v2\/media?parent=13871"}],"wp:term":[{"taxonomy":"category","embeddable":true,"href":"https:\/\/www.klimikdergisi.org\/tr\/wp-json\/wp\/v2\/categories?post=13871"},{"taxonomy":"post_tag","embeddable":true,"href":"https:\/\/www.klimikdergisi.org\/tr\/wp-json\/wp\/v2\/tags?post=13871"}],"curies":[{"name":"wp","href":"https:\/\/api.w.org\/{rel}","templated":true}]}}