{"id":13847,"date":"2021-01-05T01:21:38","date_gmt":"2021-01-04T22:21:38","guid":{"rendered":"https:\/\/www.klimikdergisi.org\/\/2021\/01\/05\/larinks-tuberkulozu-iki-olgu-sunumu\/"},"modified":"2021-01-05T01:21:38","modified_gmt":"2021-01-04T22:21:38","slug":"larinks-tuberkulozu-iki-olgu-sunumu","status":"publish","type":"post","link":"https:\/\/www.klimikdergisi.org\/tr\/2021\/01\/05\/larinks-tuberkulozu-iki-olgu-sunumu\/","title":{"rendered":"Larinks T\u00fcberk\u00fclozu: \u0130ki Olgu Sunumu"},"content":{"rendered":"<p>Larinks t\u00fcberk\u00fclozu g\u00fcn\u00fcm\u00fczde nadir g\u00f6r\u00fclmektedir. Ba\u015fka hastal\u0131klarla kar\u0131\u015fabilmesi nedeniyle larinks t\u00fcberk\u00fclozunda tan\u0131 gecikmelerine s\u0131k rastlan\u0131r. Genellikle akci\u011fer t\u00fcberk\u00fclozuyla birlikte g\u00f6r\u00fclmekte ve y\u00fcksek oranda bula\u015fma riskine sahiptir. Bu nedenle, toplum sa\u011fl\u0131\u011f\u0131 a\u00e7\u0131s\u0131ndan ciddi sorun olu\u015fturmaktad\u0131r. Bu bildiride biri 25 ya\u015f\u0131nda gastro\u00f6zofageal refl\u00fc, di\u011feri 78 ya\u015f\u0131nda larinks kanseri \u00f6n tan\u0131s\u0131 alan iki larinks t\u00fcberk\u00fclozu olgusu sunulmu\u015ftur. Her iki olguda da tan\u0131da gecikme ya\u015fanm\u0131\u015ft\u0131r ve larinks t\u00fcberk\u00fclozuna akci\u011fer t\u00fcberk\u00fclozu e\u015flik etmi\u015ftir. Her ikisinin tan\u0131lar\u0131 akci\u011fer grafisi ve balgam\u0131n mikrobiyolojik incelemesiyle konulmu\u015ftur. Her iki olguda da 6 ayl\u0131k bir antit\u00fcberk\u00fcloz tedaviyle tam iyile\u015fme sa\u011flanm\u0131\u015ft\u0131r.<\/p>\n<p>Klimik Dergisi 2020; 33(2): 188-90.<\/p>\n<p><strong>Cite this article as<\/strong>: Alzafer S, \u00dcst\u00fcn C. [Laryngeal tuberculosis: A report of two cases]. Klimik Derg. 2020; 33(2): 188-90. Turkish.<\/p>\n","protected":false},"excerpt":{"rendered":"<p>Larinks t\u00fcberk\u00fclozu g\u00fcn\u00fcm\u00fczde nadir g\u00f6r\u00fclmektedir. Ba\u015fka hastal\u0131klarla kar\u0131\u015fabilmesi nedeniyle larinks t\u00fcberk\u00fclozunda tan\u0131 gecikmelerine s\u0131k rastlan\u0131r. Genellikle akci\u011fer t\u00fcberk\u00fclozuyla birlikte g\u00f6r\u00fclmekte ve y\u00fcksek oranda bula\u015fma riskine sahiptir. Bu nedenle, toplum sa\u011fl\u0131\u011f\u0131 a\u00e7\u0131s\u0131ndan ciddi sorun olu\u015fturmaktad\u0131r. Bu bildiride biri 25 ya\u015f\u0131nda gastro\u00f6zofageal refl\u00fc, di\u011feri 78 ya\u015f\u0131nda larinks kanseri \u00f6n tan\u0131s\u0131 alan iki larinks t\u00fcberk\u00fclozu olgusu sunulmu\u015ftur. Her [&hellip;]<\/p>\n","protected":false},"author":0,"featured_media":0,"comment_status":"","ping_status":"","sticky":false,"template":"","format":"standard","meta":{"_acf_changed":false,"footnotes":""},"categories":[5131],"tags":[5027,5029,2911],"class_list":["post-13847","post","type-post","status-publish","format-standard","hentry","category-olgu-sunumu","tag-larinks-tuberkulozu","tag-toplum-sagligi","tag-tuberkuloz"],"acf":[],"_links":{"self":[{"href":"https:\/\/www.klimikdergisi.org\/tr\/wp-json\/wp\/v2\/posts\/13847","targetHints":{"allow":["GET"]}}],"collection":[{"href":"https:\/\/www.klimikdergisi.org\/tr\/wp-json\/wp\/v2\/posts"}],"about":[{"href":"https:\/\/www.klimikdergisi.org\/tr\/wp-json\/wp\/v2\/types\/post"}],"replies":[{"embeddable":true,"href":"https:\/\/www.klimikdergisi.org\/tr\/wp-json\/wp\/v2\/comments?post=13847"}],"version-history":[{"count":0,"href":"https:\/\/www.klimikdergisi.org\/tr\/wp-json\/wp\/v2\/posts\/13847\/revisions"}],"wp:attachment":[{"href":"https:\/\/www.klimikdergisi.org\/tr\/wp-json\/wp\/v2\/media?parent=13847"}],"wp:term":[{"taxonomy":"category","embeddable":true,"href":"https:\/\/www.klimikdergisi.org\/tr\/wp-json\/wp\/v2\/categories?post=13847"},{"taxonomy":"post_tag","embeddable":true,"href":"https:\/\/www.klimikdergisi.org\/tr\/wp-json\/wp\/v2\/tags?post=13847"}],"curies":[{"name":"wp","href":"https:\/\/api.w.org\/{rel}","templated":true}]}}