{"id":13841,"date":"2021-01-05T01:21:38","date_gmt":"2021-01-04T22:21:38","guid":{"rendered":"https:\/\/www.klimikdergisi.org\/\/2021\/01\/05\/el-ekleminde-brucella-septik-artriti-ve-apsesi\/"},"modified":"2021-01-05T01:21:38","modified_gmt":"2021-01-04T22:21:38","slug":"el-ekleminde-brucella-septik-artriti-ve-apsesi","status":"publish","type":"post","link":"https:\/\/www.klimikdergisi.org\/tr\/2021\/01\/05\/el-ekleminde-brucella-septik-artriti-ve-apsesi\/","title":{"rendered":"El Ekleminde Brucella Septik Artriti ve Apsesi"},"content":{"rendered":"<p>Bruselloz, her \u00e7e\u015fit organ\u0131 etkileyebilir ve \u00e7ok \u00e7e\u015fitli klinik bulgulara sebep olabilir. Brusellozda osteoartik\u00fcler tutulum s\u0131kl\u0131\u011f\u0131, d\u00fcnyan\u0131n \u00e7e\u015fitli b\u00f6lgelerinden %10-85 aras\u0131nda de\u011fi\u015fen oranlarda bildirilmi\u015ftir. En s\u0131k tutulan eklemler s\u0131ras\u0131yla diz, kal\u00e7a ve ayak bile\u011fidir. Ancak t\u00fcm eklemlerde tutulum yapabilir. Brusellozlu vakalar\u0131n %1-5&#39;inde antikorlar olu\u015fmaz ve bu durum seronegatif bruselloz olarak adland\u0131r\u0131l\u0131r. Seronegatif vakalarda kesin tan\u0131n\u0131n k\u00fclt\u00fcrle konulaca\u011f\u0131 unutulmamal\u0131d\u0131r. Sunulan bu vakayla endemik b\u00f6lgelerde risk fakt\u00f6r\u00fc olan, \u00f6zellikle ya\u015fl\u0131 hastalarda periferik artritlerin ay\u0131r\u0131c\u0131 tan\u0131s\u0131nda serolojik testler negatif olsa bile, brusellozun da d\u00fc\u015f\u00fcn\u00fclmesi gerekti\u011fini ve k\u00fclt\u00fcr\u00fcn kesin tan\u0131y\u0131 do\u011frulamadaki vazge\u00e7ilemeyecek deste\u011fini vurgulamay\u0131 ama\u00e7lad\u0131k.<\/p>\n<p>Klimik Dergisi 2020; 33(2): 185-7.<\/p>\n<p><strong>Cite this article as<\/strong>: Alkan-\u00c7eviker S, G\u00fcnal \u00d6, Elmaslar-Mert HT, K\u00f6ksal E. [Brucella septic arthritis and abscess in hand joint]. Klimik Derg. 2020; 33(2): 185-7. Turkish.<\/p>\n","protected":false},"excerpt":{"rendered":"<p>Bruselloz, her \u00e7e\u015fit organ\u0131 etkileyebilir ve \u00e7ok \u00e7e\u015fitli klinik bulgulara sebep olabilir. Brusellozda osteoartik\u00fcler tutulum s\u0131kl\u0131\u011f\u0131, d\u00fcnyan\u0131n \u00e7e\u015fitli b\u00f6lgelerinden %10-85 aras\u0131nda de\u011fi\u015fen oranlarda bildirilmi\u015ftir. En s\u0131k tutulan eklemler s\u0131ras\u0131yla diz, kal\u00e7a ve ayak bile\u011fidir. Ancak t\u00fcm eklemlerde tutulum yapabilir. Brusellozlu vakalar\u0131n %1-5&#39;inde antikorlar olu\u015fmaz ve bu durum seronegatif bruselloz olarak adland\u0131r\u0131l\u0131r. Seronegatif vakalarda kesin tan\u0131n\u0131n [&hellip;]<\/p>\n","protected":false},"author":0,"featured_media":0,"comment_status":"","ping_status":"","sticky":false,"template":"","format":"standard","meta":{"_acf_changed":false,"footnotes":""},"categories":[5131],"tags":[2821,5030,5032],"class_list":["post-13841","post","type-post","status-publish","format-standard","hentry","category-olgu-sunumu","tag-bruselloz","tag-el-eklemleri","tag-infeksiyoz-artrit"],"acf":[],"_links":{"self":[{"href":"https:\/\/www.klimikdergisi.org\/tr\/wp-json\/wp\/v2\/posts\/13841","targetHints":{"allow":["GET"]}}],"collection":[{"href":"https:\/\/www.klimikdergisi.org\/tr\/wp-json\/wp\/v2\/posts"}],"about":[{"href":"https:\/\/www.klimikdergisi.org\/tr\/wp-json\/wp\/v2\/types\/post"}],"replies":[{"embeddable":true,"href":"https:\/\/www.klimikdergisi.org\/tr\/wp-json\/wp\/v2\/comments?post=13841"}],"version-history":[{"count":0,"href":"https:\/\/www.klimikdergisi.org\/tr\/wp-json\/wp\/v2\/posts\/13841\/revisions"}],"wp:attachment":[{"href":"https:\/\/www.klimikdergisi.org\/tr\/wp-json\/wp\/v2\/media?parent=13841"}],"wp:term":[{"taxonomy":"category","embeddable":true,"href":"https:\/\/www.klimikdergisi.org\/tr\/wp-json\/wp\/v2\/categories?post=13841"},{"taxonomy":"post_tag","embeddable":true,"href":"https:\/\/www.klimikdergisi.org\/tr\/wp-json\/wp\/v2\/tags?post=13841"}],"curies":[{"name":"wp","href":"https:\/\/api.w.org\/{rel}","templated":true}]}}