{"id":13715,"date":"2021-01-05T01:21:28","date_gmt":"2021-01-04T22:21:28","guid":{"rendered":"https:\/\/www.klimikdergisi.org\/\/2021\/01\/05\/klinik-ve-laboratuvar-olarak-tanimlanmis-bir-covid-19-reinfeksiyonu-olgusu\/"},"modified":"2021-01-05T07:29:59","modified_gmt":"2021-01-05T04:29:59","slug":"klinik-ve-laboratuvar-olarak-tanimlanmis-bir-covid-19-reinfeksiyonu-olgusu","status":"publish","type":"post","link":"https:\/\/www.klimikdergisi.org\/tr\/2021\/01\/05\/klinik-ve-laboratuvar-olarak-tanimlanmis-bir-covid-19-reinfeksiyonu-olgusu\/","title":{"rendered":"Klinik ve Laboratuvar Olarak Tan\u0131mlanm\u0131\u015f Bir COVID-19 Reinfeksiyonu Olgusu"},"content":{"rendered":"<p>2019 y\u0131l\u0131n\u0131n sonunda \u00c7in\u2019de ortaya \u00e7\u0131kan ve t\u00fcm d\u00fcnyay\u0131 etkisi alt\u0131na alan COVID-19 pandemisi t\u00fcm d\u00fcnyada etkisini s\u00fcrd\u00fcr\u00fcrken reinfeksiyon ve uzam\u0131\u015f infeksiyonla ilgili soru i\u015faretleri devam etmektedir. Bu bildiride ilk infeksiyondan yakla\u015f\u0131k 5 ay sonra benzer semptomlarla ba\u015fvuran bir hastada saptanm\u0131\u015f bir COVID-19 reinfeksiyonu olgusu sunulmu\u015ftur.<\/p>\n<p>Klimik Dergisi 2020; 33(3): 314-6.<\/p>\n<p><strong>Cite this article as<\/strong>: T\u00fcrk\u00f6z \u0130, T\u00fcz MA, Gencer E, Ayg\u00fcn-Ka\u015f F\u00d6, Y\u0131ld\u0131rmak T. [A clinical and laboratory-defined case of COVID-19 reinfection]. Klimik Derg. 2020; 33(3): 314-6. Turkish.<\/p>\n","protected":false},"excerpt":{"rendered":"<p>2019 y\u0131l\u0131n\u0131n sonunda \u00c7in\u2019de ortaya \u00e7\u0131kan ve t\u00fcm d\u00fcnyay\u0131 etkisi alt\u0131na alan COVID-19 pandemisi t\u00fcm d\u00fcnyada etkisini s\u00fcrd\u00fcr\u00fcrken reinfeksiyon ve uzam\u0131\u015f infeksiyonla ilgili soru i\u015faretleri devam etmektedir. Bu bildiride ilk infeksiyondan yakla\u015f\u0131k 5 ay sonra benzer semptomlarla ba\u015fvuran bir hastada saptanm\u0131\u015f bir COVID-19 reinfeksiyonu olgusu sunulmu\u015ftur. Klimik Dergisi 2020; 33(3): 314-6. Cite this article as: [&hellip;]<\/p>\n","protected":false},"author":2,"featured_media":21736,"comment_status":"closed","ping_status":"closed","sticky":false,"template":"","format":"standard","meta":{"_acf_changed":false,"footnotes":""},"categories":[5131],"tags":[4740,5165,5081],"class_list":["post-13715","post","type-post","status-publish","format-standard","has-post-thumbnail","hentry","category-olgu-sunumu","tag-bagisiklik","tag-covid19-2","tag-reinfeksiyon"],"acf":[],"_links":{"self":[{"href":"https:\/\/www.klimikdergisi.org\/tr\/wp-json\/wp\/v2\/posts\/13715","targetHints":{"allow":["GET"]}}],"collection":[{"href":"https:\/\/www.klimikdergisi.org\/tr\/wp-json\/wp\/v2\/posts"}],"about":[{"href":"https:\/\/www.klimikdergisi.org\/tr\/wp-json\/wp\/v2\/types\/post"}],"author":[{"embeddable":true,"href":"https:\/\/www.klimikdergisi.org\/tr\/wp-json\/wp\/v2\/users\/2"}],"replies":[{"embeddable":true,"href":"https:\/\/www.klimikdergisi.org\/tr\/wp-json\/wp\/v2\/comments?post=13715"}],"version-history":[{"count":1,"href":"https:\/\/www.klimikdergisi.org\/tr\/wp-json\/wp\/v2\/posts\/13715\/revisions"}],"predecessor-version":[{"id":21762,"href":"https:\/\/www.klimikdergisi.org\/tr\/wp-json\/wp\/v2\/posts\/13715\/revisions\/21762"}],"wp:featuredmedia":[{"embeddable":true,"href":"https:\/\/www.klimikdergisi.org\/tr\/wp-json\/wp\/v2\/media\/21736"}],"wp:attachment":[{"href":"https:\/\/www.klimikdergisi.org\/tr\/wp-json\/wp\/v2\/media?parent=13715"}],"wp:term":[{"taxonomy":"category","embeddable":true,"href":"https:\/\/www.klimikdergisi.org\/tr\/wp-json\/wp\/v2\/categories?post=13715"},{"taxonomy":"post_tag","embeddable":true,"href":"https:\/\/www.klimikdergisi.org\/tr\/wp-json\/wp\/v2\/tags?post=13715"}],"curies":[{"name":"wp","href":"https:\/\/api.w.org\/{rel}","templated":true}]}}