{"id":13661,"date":"2021-01-05T01:21:24","date_gmt":"2021-01-04T22:21:24","guid":{"rendered":"https:\/\/www.klimikdergisi.org\/\/2021\/01\/05\/izmir-ilinde-bruselloz-prevalansi-ve-iliskili-riskler\/"},"modified":"2021-01-05T01:21:24","modified_gmt":"2021-01-04T22:21:24","slug":"izmir-ilinde-bruselloz-prevalansi-ve-iliskili-riskler","status":"publish","type":"post","link":"https:\/\/www.klimikdergisi.org\/tr\/2021\/01\/05\/izmir-ilinde-bruselloz-prevalansi-ve-iliskili-riskler\/","title":{"rendered":"\u0130zmir \u0130linde Bruselloz Prevalans\u0131 ve \u0130li\u015fkili Riskler"},"content":{"rendered":"<p><strong>Ama\u00e7<\/strong>: Bruselloz, D\u00fcnya Sa\u011fl\u0131k \u00d6rg\u00fct\u00fc verilerine g\u00f6re y\u0131lda 500 000\u2019den fazla ki\u015fiyi etkileyen bir zoonozdur. \u00dclkemizde bruselloz endemiktir ve morbiditesi olduk\u00e7a y\u00fcksektir. Bruselloz olgular\u0131n\u0131n saptanmas\u0131, olgular\u0131n tedavisi ve infeksiyonun kontrol\u00fc i\u00e7in toplum tabanl\u0131 \u00e7al\u0131\u015fmalar yap\u0131lmal\u0131d\u0131r. Bu \u00e7al\u0131\u015fmada, \u0130zmir ili s\u0131n\u0131rlar\u0131 i\u00e7inde ya\u015fayan 18 ya\u015f ve \u00fczeri eri\u015fkinlerde bruselloz prevalans\u0131 ve ili\u015fkili risklerin saptanmas\u0131 ama\u00e7land\u0131.<\/p>\n<p><strong>Y\u00f6ntemler<\/strong>: \u00c7al\u0131\u015fma, Ocak 2011 ve Aral\u0131k 2012 y\u0131llar\u0131 aras\u0131nda \u0130zmir ilinde ya\u015fayan toplam 26 358 ki\u015fide yap\u0131ld\u0131. Sosyodemografik \u00f6zelliklerinin, bruselloza \u00f6zg\u00fc epidemiyolojik \u00f6zelliklerinin ve \u015fikayetlerinin sorguland\u0131\u011f\u0131 anket formu, her bir kat\u0131l\u0131mc\u0131yla y\u00fcz y\u00fcze g\u00f6r\u00fc\u015f\u00fclerek uyguland\u0131. Anket uygulanmas\u0131ndan sonra her bireyden 5 ml ven\u00f6z kan al\u0131nd\u0131. Elde edilen serum \u00f6rneklerine \u201crose\u201d-Bengal testi ve -gerekti\u011finde Coombs serumu eklenerek yinelenmek \u00fczere- standard t\u00fcp agl\u00fctinasyon (STA) testi uyguland\u0131. Verilerin de\u011ferlendirilmesinde \u03c72 ve Mann-Whitney U testi kullan\u0131ld\u0131. p&lt;0.05 olmas\u0131 istatistiksel olarak anlaml\u0131 kabul edildi.<\/p>\n<p><strong>Bulgular<\/strong>: 26 358 serum \u00f6rne\u011finin 239 (%0.91)&#39;unda \u201crose\u201d-Bengal testi pozitif olarak saptand\u0131. Bunlar\u0131n 35 (%14.6)&#39;inde STA testinde 1\/160 ve \u00fczeri titrede pozitiflik bulundu. Coombs serumu eklenerek STA testi tekrarlanan 9 \u00f6rne\u011fin 4&#39;\u00fcnde de 1\/160 ve \u00fczeri titrede pozitiflik belirlendi. Seropozitif ki\u015filerin ya\u015f ve cinsiyet da\u011f\u0131l\u0131m\u0131nda istatistiksel olarak anlaml\u0131 fark yoktu (p&gt;0.5). Bu ki\u015filerin en \u00e7ok t\u00fcketti\u011fi \u00fcr\u00fcn (n=23, %58.9) past\u00f6rize edilmemi\u015f s\u00fctten yap\u0131lan taze peynir olarak belirlendi. En fazla yak\u0131nmalar\u0131 kas ve eklem a\u011fr\u0131s\u0131 (n=15, %38.5) idi.<\/p>\n<p><strong>Sonu\u00e7lar<\/strong>: \u00dclkemiz bruselloz a\u00e7\u0131s\u0131ndan endemik bir \u00fclke olmas\u0131 nedeniyle, hastaneye ba\u015fvuran hastalarda bruselloz ayr\u0131c\u0131 tan\u0131da g\u00f6z \u00f6n\u00fcnde bulundurulmas\u0131 gereken bir hastal\u0131k olmaya devam etmektedir. Hastal\u0131\u011f\u0131n kontrol alt\u0131na al\u0131nabilmesi i\u00e7in tek sa\u011fl\u0131k \u00e7at\u0131s\u0131 alt\u0131nda y\u00f6netimin \u00f6nemli oldu\u011fu kan\u0131s\u0131nday\u0131z. Ayr\u0131ca g\u00fcncel ve \u00e7ok merkezli prevalans \u00e7al\u0131\u015fmalar\u0131na ihtiya\u00e7 oldu\u011funu d\u00fc\u015f\u00fcnmekteyiz.<\/p>\n<p>Klimik Dergisi 2020; 33(3): 260-3.<\/p>\n<p><strong>Cite this article as<\/strong>: Tarak\u00e7\u0131 HA, G\u00f6kg\u00f6z A, Tekin S. [Brucellosis prevalence and related risk factors in \u0130zmir province]. Klimik Derg. 2020; 33(3): 260-3. Turkish.<\/p>\n","protected":false},"excerpt":{"rendered":"<p>Ama\u00e7: Bruselloz, D\u00fcnya Sa\u011fl\u0131k \u00d6rg\u00fct\u00fc verilerine g\u00f6re y\u0131lda 500 000\u2019den fazla ki\u015fiyi etkileyen bir zoonozdur. \u00dclkemizde bruselloz endemiktir ve morbiditesi olduk\u00e7a y\u00fcksektir. Bruselloz olgular\u0131n\u0131n saptanmas\u0131, olgular\u0131n tedavisi ve infeksiyonun kontrol\u00fc i\u00e7in toplum tabanl\u0131 \u00e7al\u0131\u015fmalar yap\u0131lmal\u0131d\u0131r. Bu \u00e7al\u0131\u015fmada, \u0130zmir ili s\u0131n\u0131rlar\u0131 i\u00e7inde ya\u015fayan 18 ya\u015f ve \u00fczeri eri\u015fkinlerde bruselloz prevalans\u0131 ve ili\u015fkili risklerin saptanmas\u0131 ama\u00e7land\u0131. Y\u00f6ntemler: [&hellip;]<\/p>\n","protected":false},"author":0,"featured_media":0,"comment_status":"","ping_status":"","sticky":false,"template":"","format":"standard","meta":{"_acf_changed":false,"footnotes":""},"categories":[5129],"tags":[2821,2660],"class_list":["post-13661","post","type-post","status-publish","format-standard","hentry","category-ozgun-arastirma","tag-bruselloz","tag-epidemiyoloji"],"acf":[],"_links":{"self":[{"href":"https:\/\/www.klimikdergisi.org\/tr\/wp-json\/wp\/v2\/posts\/13661","targetHints":{"allow":["GET"]}}],"collection":[{"href":"https:\/\/www.klimikdergisi.org\/tr\/wp-json\/wp\/v2\/posts"}],"about":[{"href":"https:\/\/www.klimikdergisi.org\/tr\/wp-json\/wp\/v2\/types\/post"}],"replies":[{"embeddable":true,"href":"https:\/\/www.klimikdergisi.org\/tr\/wp-json\/wp\/v2\/comments?post=13661"}],"version-history":[{"count":0,"href":"https:\/\/www.klimikdergisi.org\/tr\/wp-json\/wp\/v2\/posts\/13661\/revisions"}],"wp:attachment":[{"href":"https:\/\/www.klimikdergisi.org\/tr\/wp-json\/wp\/v2\/media?parent=13661"}],"wp:term":[{"taxonomy":"category","embeddable":true,"href":"https:\/\/www.klimikdergisi.org\/tr\/wp-json\/wp\/v2\/categories?post=13661"},{"taxonomy":"post_tag","embeddable":true,"href":"https:\/\/www.klimikdergisi.org\/tr\/wp-json\/wp\/v2\/tags?post=13661"}],"curies":[{"name":"wp","href":"https:\/\/api.w.org\/{rel}","templated":true}]}}