{"id":13607,"date":"2021-01-05T01:21:20","date_gmt":"2021-01-04T22:21:20","guid":{"rendered":"https:\/\/www.klimikdergisi.org\/\/2021\/01\/05\/yeni-baseditore-devir-teslim-zamani\/"},"modified":"2021-02-19T19:14:52","modified_gmt":"2021-02-19T16:14:52","slug":"yeni-baseditore-devir-teslim-zamani","status":"publish","type":"post","link":"https:\/\/www.klimikdergisi.org\/tr\/2021\/01\/05\/yeni-baseditore-devir-teslim-zamani\/","title":{"rendered":"Yeni Ba\u015fedit\u00f6re Devir Teslim Zaman\u0131"},"content":{"rendered":"<p class=\"p1\"><span class=\"s1\"><i>T\u00fcrk Klinik Mikrobiyoloji ve \u0130nfeksiyon Hastal\u0131klar\u0131 Derne\u011fi\u2019<\/i><\/span>nin bilimsel yay\u0131n organ\u0131 olan <span class=\"s1\"><i>Klimik Dergisi,<\/i><\/span> 1988\u2019den beri aral\u0131ks\u0131z olarak yay\u0131mlan\u0131yor. Elinizdeki say\u0131yla Cilt 33 tamamlanm\u0131\u015f oldu. Yabanc\u0131 yazarlar\u0131n g\u00f6nderdikleri yaz\u0131lar\u0131 saymazsak, <span class=\"s1\"><i>Klimik Dergisi<\/i><\/span>\u2019nin dili 32 y\u0131ld\u0131r hep T\u00fcrk\u00e7e oldu. <span class=\"s1\"><i>Klimik Dergisi<\/i><\/span>, T\u00fcrk\u00e7e konu\u015fan herkesin bilimsel \u00fcretimlerini T\u00fcrk\u00e7eyi kullanarak, yani T\u00fcrk\u00e7e sunabilece\u011fi bir mecra oldu. Umar\u0131z ki, bundan sonra da bu gereksinimi kar\u015f\u0131lamaya devam edecektir.<span class=\"Apple-converted-space\">\u00a0<\/span><\/p>\n<p class=\"p1\"><span class=\"s2\">Son y\u0131llarda, T\u00fcrkiye\u2019deki pek \u00e7ok uzmanl\u0131k dergisinin yay\u0131n dili olarak T\u00fcrk\u00e7eyi terk etti\u011fini, ba\u015ftan sona \u0130ngilizce olarak yay\u0131mlanmaya ba\u015flad\u0131klar\u0131n\u0131 g\u00f6r\u00fcyoruz. Bunu, daha kolay bir izlenirlik sa\u011flama u\u011fruna yaparlarken; kendi g\u00f6r\u00fc\u015flerini, kendi \u00fclkelerinde ve kendi dillerinde yaz\u0131 yoluyla anlatman\u0131n \u00f6n\u00fcne, kendi r\u0131zalar\u0131yla adeta bir engel koymu\u015f oluyorlar. B\u00f6ylece T\u00fcrk\u00e7eye kar\u015f\u0131 b\u00fcy\u00fck bir haks\u0131zl\u0131k yap\u0131lm\u0131\u015f oluyor. T\u00fcrk\u00e7e d\u00fc\u015f\u00fcnen T\u00fcrk\u00e7e yap\u0131tlar verebilecek ki\u015filer, kendi dillerine yabanc\u0131la\u015fmaya ba\u015fl\u0131yorlar; hatta diyebiliriz ki, g\u00fczel T\u00fcrk\u00e7eyle yazmay\u0131 unutuyorlar!<\/span><\/p>\n<p class=\"p1\">T\u00fcrk\u00e7eyi \u00e7a\u011fda\u015f sanat, bilim ve teknolojinin, k\u0131sacas\u0131 \u00e7a\u011fda\u015f uygarl\u0131\u011f\u0131n b\u00fct\u00fcn gereklerini kar\u015f\u0131layacak bir dil durumuna getirme borcumuz vard\u0131r. \u00d6zellikle t\u0131p terimlerinde birlik sa\u011flanmas\u0131, yabanc\u0131 terimlere T\u00fcrk\u00e7e kar\u015f\u0131l\u0131klar bulunmas\u0131, bulununcaya kadar en az\u0131ndan yaz\u0131l\u0131\u015flar\u0131n\u0131n kurallara ba\u011flanmas\u0131 gerekiyor. Bunun yol g\u00f6stericili\u011fini de ancak tutarl\u0131 bir edit\u00f6rl\u00fck denetimi alt\u0131nda yay\u0131mlanan T\u00fcrk\u00e7e bir dergi yapabilir. <span class=\"s1\"><i>Klimik Dergisi\u2019<\/i><\/span>nin dil ve terminoloji konular\u0131nda geldi\u011fi noktay\u0131, \u0131srarl\u0131 bir \u00e7aba g\u00f6stererek korumak gerekiyor. Unutmayal\u0131m ki, uluslararas\u0131 olan, ancak bilimin ortaya koydu\u011fu ger\u00e7ekler ve bu ger\u00e7eklere dayanan d\u00fc\u015f\u00fcnce ve kavramlard\u0131r ki, bunlar da ilke olarak her dille anlat\u0131labilir. Yeter ki o dile inan\u0131ls\u0131n, o dil bilin\u00e7le i\u015flensin!<\/p>\n<p class=\"p1\"><span class=\"s1\"><i>Klimik Dergisi,<\/i><\/span> geriye d\u00f6n\u00fck olarak ula\u015f\u0131labilen t\u00fcm say\u0131lar\u0131yla, zengin bir ar\u015fiv niteli\u011findedir. Bir bak\u0131ma \u0130nfeksiyon Hastal\u0131klar\u0131 ve Klinik Mikrobiyoloji alan\u0131ndaki \u201cyerli ve milli\u201d bilimsel \u00fcretimimizin aynas\u0131 durumundad\u0131r. <span class=\"s1\"><i>Klimik Dergisi\u2019<\/i><\/span>nin bug\u00fcne kadar yay\u0131mlad\u0131\u011f\u0131 makalelerin say\u0131s\u0131 k\u00fcm\u00fclatif olarak 1348\u2019\u00fc bulmu\u015ftur.<span class=\"Apple-converted-space\">\u00a0<\/span><\/p>\n<p class=\"p1\"><span class=\"s3\"><i>Klimik Dergisi\u2019<\/i><\/span><span class=\"s2\">nin yay\u0131nc\u0131l\u0131\u011f\u0131n\u0131 21 y\u0131l Y\u00fcce Reklam Yay\u0131m Da\u011f\u0131t\u0131m A.\u015e. \u00fcstlenmi\u015fti. Son 11 y\u0131l boyunca da uluslararas\u0131 bir dergi olma hedefine y\u00f6nelik olarak AVES Yay\u0131nc\u0131l\u0131k Ltd. \u015eti. ile i\u015fbirli\u011fine gidildi. Cilt 22\u2019den itibaren \u00e7evrimi\u00e7i makale kabul ve de\u011ferlendirme sistemine ge\u00e7ildi ve <\/span><span class=\"s3\"><i>Dergi<\/i><\/span><span class=\"s2\"> yeni bir kapak tasar\u0131m\u0131 ve sayfa d\u00fczeniyle yay\u0131mlanmaya ba\u015flad\u0131. Geni\u015f bir Uluslararas\u0131 Dan\u0131\u015fma Kurulu ve 350 ki\u015filik bir Dan\u0131\u015fman (Hakem) havuzu olu\u015fturuldu. \u00d6nemli bir yenilik de <\/span><span class=\"s3\"><i>Dergi<\/i><\/span><span class=\"s2\">\u2019nin bir\u00e7ok uluslararas\u0131 veri taban\u0131 taraf\u0131ndan ayn\u0131 anda dizinlenmeye ba\u015flamas\u0131 oldu. B\u00f6ylece, uluslararas\u0131 alan indeksleri (SCI\/SCI-E d\u0131\u015f\u0131nda) taraf\u0131ndan taranan bir dergi olarak <\/span><span class=\"s3\"><i>Klimik Dergisi<\/i><\/span><span class=\"s2\">\u2019nde yay\u0131mlanan \u00f6zg\u00fcn ara\u015ft\u0131rma makaleleri, Do\u00e7entlik ba\u015fvurular\u0131nda \u201culuslararas\u0131 makale\u201d kategorisinde puan getirmeye ba\u015flad\u0131. Ayr\u0131ca son be\u015f y\u0131ld\u0131r Web of Science (WoS) kapsam\u0131nda kurulan <\/span><span class=\"s3\"><i>Emerging Sources Citation Index<\/i><\/span><span class=\"s2\"> (ESCI)\u2019e girmi\u015f olmas\u0131 <\/span><span class=\"s3\"><i>Klimik Dergisi\u2019<\/i><\/span><span class=\"s2\">nin g\u00f6r\u00fcn\u00fcrl\u00fc\u011f\u00fcn\u00fc art\u0131rd\u0131.<span class=\"Apple-converted-space\">\u00a0<\/span><\/span><\/p>\n<p class=\"p1\"><span class=\"s1\"><i>Klimik Dergisi<\/i><\/span> alt\u0131 y\u0131ldan beri, ayn\u0131 zamanda T\u00dcB\u0130TAK ULAKB\u0130M TR Dizin taraf\u0131ndan taranan bir ulusal hakemli dergi durumundad\u0131r. B\u00f6ylece, bir Do\u00e7ent aday\u0131n\u0131n <span class=\"s1\"><i>Klimik Dergisi<\/i><\/span>\u2019nde yay\u0131mlad\u0131\u011f\u0131 bir \u00f6zg\u00fcn ara\u015ft\u0131rma makalesi, ba\u015fvuru i\u00e7in son y\u0131llarda getirilen \u201culusal makale\u201d ko\u015fulunu tutturmas\u0131n\u0131 da sa\u011flamaya ba\u015flam\u0131\u015ft\u0131r. Bu durum \u00fclkemizde uzun bir s\u00fcreden beri WoS kapsam\u0131ndaki dergilerde yay\u0131n yap\u0131lmas\u0131na \u00f6ncelik veren ve bunu \u00f6zendiren devlet politikas\u0131n\u0131 az da olsa k\u0131rm\u0131\u015ft\u0131r.<span class=\"Apple-converted-space\">\u00a0<\/span><\/p>\n<p class=\"p1\"><span class=\"s1\"><i>Klimik Dergisi<\/i><\/span>\u2019nin Ba\u015fedit\u00f6r\u00fc olarak, 10 Mart 1994\u2019teki 4. Ola\u011fan Genel Kurul\u2019da se\u00e7ilen Dernek Y\u00f6netim Kurulu taraf\u0131ndan g\u00f6revlendirilmi\u015ftim. <span class=\"s1\"><i>Dergi<\/i><\/span>\u2019nin bu say\u0131s\u0131yla birlikte ayr\u0131lmakta oldu\u011fum Ba\u015fedit\u00f6rl\u00fckte ge\u00e7irdi\u011fim 27 y\u0131la yak\u0131n s\u00fcre boyunca, bir\u00e7ok de\u011ferli Edit\u00f6rle birlikte i\u015fbirli\u011fi i\u00e7inde \u00e7al\u0131\u015ft\u0131k. \u00d6ncekilerin yan\u0131 s\u0131ra, \u00f6zellikle en uzun s\u00fcreli Edit\u00f6r Asistan\u0131 olarak Banu Ad\u0131yaman-\u00c7al\u0131\u015fkan, sa\u011f kolum gibi \u00e7al\u0131\u015ft\u0131. Son Y\u00f6netim Kurulu ise her t\u00fcrl\u00fc \u00f6zveriyi g\u00f6stererek <span class=\"s1\"><i>Dergi\u2019<\/i><\/span>nin bas\u0131l\u0131 olarak yay\u0131mlanmaya devam etmesini sa\u011flad\u0131. AVES Yay\u0131nc\u0131l\u0131k da her kademedeki \u00e7al\u0131\u015fan\u0131yla \u00e7ok nitelikli ve profesyonel bir destek verdi. Hepsine \u015f\u00fckran bor\u00e7luyum.<span class=\"Apple-converted-space\">\u00a0<\/span><\/p>\n<p class=\"p1\">Son olarak belirtmek isterim ki, yeni y\u0131lda yeni bir yay\u0131nc\u0131yla yola devam edecek olan <span class=\"s1\"><i>Klimik Dergisi\u2019<\/i><\/span>nin yeni Ba\u015fedit\u00f6r\u00fc Prof. Dr. Alpay Azap\u2019\u0131n, \u00f6zveriyle \u00fcstlendi\u011fi bu zorlu g\u00f6revi de ba\u015faraca\u011f\u0131na ve <span class=\"s1\"><i>Dergi\u2019<\/i><\/span>nin bayra\u011f\u0131n\u0131 y\u00fckseklere \u00e7\u0131karaca\u011f\u0131na g\u00fcveniyorum!<span class=\"Apple-converted-space\">\u00a0<\/span><\/p>\n<p><strong>Cite this article as<\/strong>: Eraksoy H. [Time to handover to the new editor-in-chief]. Klimik Derg. 2020; 33(3): 199. Turkish.<\/p>\n","protected":false},"excerpt":{"rendered":"<p>T\u00fcrk Klinik Mikrobiyoloji ve \u0130nfeksiyon Hastal\u0131klar\u0131 Derne\u011fi\u2019nin bilimsel yay\u0131n organ\u0131 olan Klimik Dergisi, 1988\u2019den beri aral\u0131ks\u0131z olarak yay\u0131mlan\u0131yor. Elinizdeki say\u0131yla Cilt 33 tamamlanm\u0131\u015f oldu. Yabanc\u0131 yazarlar\u0131n g\u00f6nderdikleri yaz\u0131lar\u0131 saymazsak, Klimik Dergisi\u2019nin dili 32 y\u0131ld\u0131r hep T\u00fcrk\u00e7e oldu. Klimik Dergisi, T\u00fcrk\u00e7e konu\u015fan herkesin bilimsel \u00fcretimlerini T\u00fcrk\u00e7eyi kullanarak, yani T\u00fcrk\u00e7e sunabilece\u011fi bir mecra oldu. Umar\u0131z ki, bundan [&hellip;]<\/p>\n","protected":false},"author":2,"featured_media":21931,"comment_status":"closed","ping_status":"closed","sticky":false,"template":"","format":"standard","meta":{"_acf_changed":false,"footnotes":""},"categories":[5137],"tags":[],"class_list":["post-13607","post","type-post","status-publish","format-standard","has-post-thumbnail","hentry","category-editor-gorusu"],"acf":[],"_links":{"self":[{"href":"https:\/\/www.klimikdergisi.org\/tr\/wp-json\/wp\/v2\/posts\/13607","targetHints":{"allow":["GET"]}}],"collection":[{"href":"https:\/\/www.klimikdergisi.org\/tr\/wp-json\/wp\/v2\/posts"}],"about":[{"href":"https:\/\/www.klimikdergisi.org\/tr\/wp-json\/wp\/v2\/types\/post"}],"author":[{"embeddable":true,"href":"https:\/\/www.klimikdergisi.org\/tr\/wp-json\/wp\/v2\/users\/2"}],"replies":[{"embeddable":true,"href":"https:\/\/www.klimikdergisi.org\/tr\/wp-json\/wp\/v2\/comments?post=13607"}],"version-history":[{"count":3,"href":"https:\/\/www.klimikdergisi.org\/tr\/wp-json\/wp\/v2\/posts\/13607\/revisions"}],"predecessor-version":[{"id":21804,"href":"https:\/\/www.klimikdergisi.org\/tr\/wp-json\/wp\/v2\/posts\/13607\/revisions\/21804"}],"wp:featuredmedia":[{"embeddable":true,"href":"https:\/\/www.klimikdergisi.org\/tr\/wp-json\/wp\/v2\/media\/21931"}],"wp:attachment":[{"href":"https:\/\/www.klimikdergisi.org\/tr\/wp-json\/wp\/v2\/media?parent=13607"}],"wp:term":[{"taxonomy":"category","embeddable":true,"href":"https:\/\/www.klimikdergisi.org\/tr\/wp-json\/wp\/v2\/categories?post=13607"},{"taxonomy":"post_tag","embeddable":true,"href":"https:\/\/www.klimikdergisi.org\/tr\/wp-json\/wp\/v2\/tags?post=13607"}],"curies":[{"name":"wp","href":"https:\/\/api.w.org\/{rel}","templated":true}]}}