{"id":20712,"date":"2021-01-05T01:29:27","date_gmt":"2021-01-04T22:29:27","guid":{"rendered":"https:\/\/www.klimikdergisi.org\/\/2021\/01\/05\/idrardan-izole-edilen-escherichia-coli-suslarinin-pefloksasin-ve-ucuncu-kusak-sefalosporinlere-duyarliligi-2\/"},"modified":"2021-01-05T01:29:27","modified_gmt":"2021-01-04T22:29:27","slug":"idrardan-izole-edilen-escherichia-coli-suslarinin-pefloksasin-ve-ucuncu-kusak-sefalosporinlere-duyarliligi-2","status":"publish","type":"post","link":"https:\/\/www.klimikdergisi.org\/en\/2021\/01\/05\/idrardan-izole-edilen-escherichia-coli-suslarinin-pefloksasin-ve-ucuncu-kusak-sefalosporinlere-duyarliligi-2\/","title":{"rendered":"\u0130drardan \u0130zole Edilen Escherichia coli Su\u015flar\u0131n\u0131n Pefloksasin ve \u00dc\u00e7\u00fcnc\u00fc Ku\u015fak Sefalosporinlere Duyarl\u0131l\u0131\u011f\u0131"},"content":{"rendered":"","protected":false},"excerpt":{"rendered":"","protected":false},"author":0,"featured_media":0,"comment_status":"","ping_status":"","sticky":false,"template":"","format":"standard","meta":{"_acf_changed":false,"footnotes":""},"categories":[5130],"tags":[],"class_list":["post-20712","post","type-post","status-publish","format-standard","hentry","category-original-article"],"acf":[],"_links":{"self":[{"href":"https:\/\/www.klimikdergisi.org\/en\/wp-json\/wp\/v2\/posts\/20712","targetHints":{"allow":["GET"]}}],"collection":[{"href":"https:\/\/www.klimikdergisi.org\/en\/wp-json\/wp\/v2\/posts"}],"about":[{"href":"https:\/\/www.klimikdergisi.org\/en\/wp-json\/wp\/v2\/types\/post"}],"replies":[{"embeddable":true,"href":"https:\/\/www.klimikdergisi.org\/en\/wp-json\/wp\/v2\/comments?post=20712"}],"version-history":[{"count":0,"href":"https:\/\/www.klimikdergisi.org\/en\/wp-json\/wp\/v2\/posts\/20712\/revisions"}],"wp:attachment":[{"href":"https:\/\/www.klimikdergisi.org\/en\/wp-json\/wp\/v2\/media?parent=20712"}],"wp:term":[{"taxonomy":"category","embeddable":true,"href":"https:\/\/www.klimikdergisi.org\/en\/wp-json\/wp\/v2\/categories?post=20712"},{"taxonomy":"post_tag","embeddable":true,"href":"https:\/\/www.klimikdergisi.org\/en\/wp-json\/wp\/v2\/tags?post=20712"}],"curies":[{"name":"wp","href":"https:\/\/api.w.org\/{rel}","templated":true}]}}