{"id":19932,"date":"2021-01-05T01:28:45","date_gmt":"2021-01-04T22:28:45","guid":{"rendered":"https:\/\/www.klimikdergisi.org\/\/2021\/01\/05\/metisiline-direncli-ve-duyarli-staphylococcus-aureus-suslarinin-imipenem-ve-klaritromisine-in-vitro-duyarliliklari-2\/"},"modified":"2021-01-05T01:28:45","modified_gmt":"2021-01-04T22:28:45","slug":"metisiline-direncli-ve-duyarli-staphylococcus-aureus-suslarinin-imipenem-ve-klaritromisine-in-vitro-duyarliliklari-2","status":"publish","type":"post","link":"https:\/\/www.klimikdergisi.org\/en\/2021\/01\/05\/metisiline-direncli-ve-duyarli-staphylococcus-aureus-suslarinin-imipenem-ve-klaritromisine-in-vitro-duyarliliklari-2\/","title":{"rendered":"Metisiline Diren\u00e7li ve Duyarl\u0131 Staphylococcus aureus Su\u015flar\u0131n\u0131n \u0130mipenem ve Klaritromisine In Vitro Duyarl\u0131l\u0131klar\u0131"},"content":{"rendered":"","protected":false},"excerpt":{"rendered":"","protected":false},"author":0,"featured_media":0,"comment_status":"","ping_status":"","sticky":false,"template":"","format":"standard","meta":{"_acf_changed":false,"footnotes":""},"categories":[5130],"tags":[],"class_list":["post-19932","post","type-post","status-publish","format-standard","hentry","category-original-article"],"acf":[],"_links":{"self":[{"href":"https:\/\/www.klimikdergisi.org\/en\/wp-json\/wp\/v2\/posts\/19932","targetHints":{"allow":["GET"]}}],"collection":[{"href":"https:\/\/www.klimikdergisi.org\/en\/wp-json\/wp\/v2\/posts"}],"about":[{"href":"https:\/\/www.klimikdergisi.org\/en\/wp-json\/wp\/v2\/types\/post"}],"replies":[{"embeddable":true,"href":"https:\/\/www.klimikdergisi.org\/en\/wp-json\/wp\/v2\/comments?post=19932"}],"version-history":[{"count":0,"href":"https:\/\/www.klimikdergisi.org\/en\/wp-json\/wp\/v2\/posts\/19932\/revisions"}],"wp:attachment":[{"href":"https:\/\/www.klimikdergisi.org\/en\/wp-json\/wp\/v2\/media?parent=19932"}],"wp:term":[{"taxonomy":"category","embeddable":true,"href":"https:\/\/www.klimikdergisi.org\/en\/wp-json\/wp\/v2\/categories?post=19932"},{"taxonomy":"post_tag","embeddable":true,"href":"https:\/\/www.klimikdergisi.org\/en\/wp-json\/wp\/v2\/tags?post=19932"}],"curies":[{"name":"wp","href":"https:\/\/api.w.org\/{rel}","templated":true}]}}