{"id":19110,"date":"2021-01-05T01:28:02","date_gmt":"2021-01-04T22:28:02","guid":{"rendered":"https:\/\/www.klimikdergisi.org\/\/2021\/01\/05\/cliaracterization-of-elinical-isolates-of-middle-ear-fluid-and-tissiies-taketi-from-atitnmi\/"},"modified":"2021-01-05T01:28:02","modified_gmt":"2021-01-04T22:28:02","slug":"cliaracterization-of-elinical-isolates-of-middle-ear-fluid-and-tissiies-taketi-from-atitnmi","status":"publish","type":"post","link":"https:\/\/www.klimikdergisi.org\/en\/2021\/01\/05\/cliaracterization-of-elinical-isolates-of-middle-ear-fluid-and-tissiies-taketi-from-atitnmi\/","title":{"rendered":"Cl\u0131aracterization of elinical isolates of middle ear fluid and tiss\u0131\u0131es taket\u0131 from at\u0131tnm\u0131"},"content":{"rendered":"","protected":false},"excerpt":{"rendered":"","protected":false},"author":0,"featured_media":0,"comment_status":"","ping_status":"","sticky":false,"template":"","format":"standard","meta":{"_acf_changed":false,"footnotes":""},"categories":[5130],"tags":[2598,2887],"class_list":["post-19110","post","type-post","status-publish","format-standard","hentry","category-original-article","tag-antimicrobial-susceptibility","tag-clironic-otitis-medin"],"acf":[],"_links":{"self":[{"href":"https:\/\/www.klimikdergisi.org\/en\/wp-json\/wp\/v2\/posts\/19110","targetHints":{"allow":["GET"]}}],"collection":[{"href":"https:\/\/www.klimikdergisi.org\/en\/wp-json\/wp\/v2\/posts"}],"about":[{"href":"https:\/\/www.klimikdergisi.org\/en\/wp-json\/wp\/v2\/types\/post"}],"replies":[{"embeddable":true,"href":"https:\/\/www.klimikdergisi.org\/en\/wp-json\/wp\/v2\/comments?post=19110"}],"version-history":[{"count":0,"href":"https:\/\/www.klimikdergisi.org\/en\/wp-json\/wp\/v2\/posts\/19110\/revisions"}],"wp:attachment":[{"href":"https:\/\/www.klimikdergisi.org\/en\/wp-json\/wp\/v2\/media?parent=19110"}],"wp:term":[{"taxonomy":"category","embeddable":true,"href":"https:\/\/www.klimikdergisi.org\/en\/wp-json\/wp\/v2\/categories?post=19110"},{"taxonomy":"post_tag","embeddable":true,"href":"https:\/\/www.klimikdergisi.org\/en\/wp-json\/wp\/v2\/tags?post=19110"}],"curies":[{"name":"wp","href":"https:\/\/api.w.org\/{rel}","templated":true}]}}