{"id":14532,"date":"2021-01-05T01:22:38","date_gmt":"2021-01-04T22:22:38","guid":{"rendered":"https:\/\/www.klimikdergisi.org\/\/2021\/01\/05\/brucella-melitensis-misidentified-as-roseomonas-gilardii-by-maldi-tof-ms-experience-of-a-clinical-microbiology-laboratory\/"},"modified":"2021-01-05T01:22:38","modified_gmt":"2021-01-04T22:22:38","slug":"brucella-melitensis-misidentified-as-roseomonas-gilardii-by-maldi-tof-ms-experience-of-a-clinical-microbiology-laboratory","status":"publish","type":"post","link":"https:\/\/www.klimikdergisi.org\/en\/2021\/01\/05\/brucella-melitensis-misidentified-as-roseomonas-gilardii-by-maldi-tof-ms-experience-of-a-clinical-microbiology-laboratory\/","title":{"rendered":"Brucella melitensis Misidentified as Roseomonas gilardii by MALDI-TOF MS: Experience of a Clinical Microbiology Laboratory"},"content":{"rendered":"<h1>Abstract<\/h1>\n<p> Misidentification of a blood culture isolate of Brucella melitensis as Roseomonas gilardii by the VITEK\u00ae MS (bioM\u00e9rieux, Marcy l&#8217;Etoile, France) matrix assisted laser desorption ionization-time of flight mass spectrometry (MALDI-TOF MS) microbial identification system is herein drawn attention. Blood and serum samples of a 42-year-old male with pre-diagnosed neurobrucellosis were evaluated in bacteriology and serology laboratories. Gram-negative coccobacilli from positive blood culture bottle were identified as R. gilardii by VITEK\u00ae MS, but it was not identified by VITEK\u00ae 2 Compact (bioM\u00e9rieux, Marcy l&#8217;Etoile, France) MALDI-TOF MS microbial identification system. Serological tests were positive for brucellosis, so it was an important clue for the possibility of a misidentification. The isolated organism was confirmed as B. melitensis by polymerase chain reaction and biotyping in the National Reference Laboratory. Microbiology laboratories in countries where brucellosis is endemic must be careful while using commercial bacterial identification systems for identification of Brucella spp.\u00a0Klimik Dergisi 2019; 32(1): 105-7.<\/p>\n<p> <strong>Cite this article as<\/strong>: \u00c7i\u00e7ek M, B\u0131\u00e7ak\u00e7\u0131gil A, \u00c7elebi B, \u015eener B, Sancak B. [Brucella melitensis misidentified as Roseomonas gilardii by MALDI-TOF MS: experience of a clinical microbiology laboratory]. Klimik Derg. 2019; 32(1): 105-7. Turkish.<\/p>\n","protected":false},"excerpt":{"rendered":"<p>Abstract Misidentification of a blood culture isolate of Brucella melitensis as Roseomonas gilardii by the VITEK\u00ae MS (bioM\u00e9rieux, Marcy l&#8217;Etoile, France) matrix assisted laser desorption ionization-time of flight mass spectrometry (MALDI-TOF MS) microbial identification system is herein drawn attention. Blood and serum samples of a 42-year-old male with pre-diagnosed neurobrucellosis were evaluated in bacteriology and [&hellip;]<\/p>\n","protected":false},"author":0,"featured_media":0,"comment_status":"","ping_status":"","sticky":false,"template":"","format":"standard","meta":{"_acf_changed":false,"footnotes":""},"categories":[5132],"tags":[3939,4832,4831],"class_list":["post-14532","post","type-post","status-publish","format-standard","hentry","category-case-report","tag-brucella-melitensis","tag-malditof-ms","tag-roseomonas-gilardii"],"acf":[],"_links":{"self":[{"href":"https:\/\/www.klimikdergisi.org\/en\/wp-json\/wp\/v2\/posts\/14532","targetHints":{"allow":["GET"]}}],"collection":[{"href":"https:\/\/www.klimikdergisi.org\/en\/wp-json\/wp\/v2\/posts"}],"about":[{"href":"https:\/\/www.klimikdergisi.org\/en\/wp-json\/wp\/v2\/types\/post"}],"replies":[{"embeddable":true,"href":"https:\/\/www.klimikdergisi.org\/en\/wp-json\/wp\/v2\/comments?post=14532"}],"version-history":[{"count":0,"href":"https:\/\/www.klimikdergisi.org\/en\/wp-json\/wp\/v2\/posts\/14532\/revisions"}],"wp:attachment":[{"href":"https:\/\/www.klimikdergisi.org\/en\/wp-json\/wp\/v2\/media?parent=14532"}],"wp:term":[{"taxonomy":"category","embeddable":true,"href":"https:\/\/www.klimikdergisi.org\/en\/wp-json\/wp\/v2\/categories?post=14532"},{"taxonomy":"post_tag","embeddable":true,"href":"https:\/\/www.klimikdergisi.org\/en\/wp-json\/wp\/v2\/tags?post=14532"}],"curies":[{"name":"wp","href":"https:\/\/api.w.org\/{rel}","templated":true}]}}